{"id":1939,"date":"2019-02-17T03:55:06","date_gmt":"2019-02-17T03:55:06","guid":{"rendered":"https:\/\/aquileoparra.com\/pacho\/?p=1939"},"modified":"2019-02-22T04:05:35","modified_gmt":"2019-02-22T04:05:35","slug":"feliz-cumpleanos-aquileo-parra","status":"publish","type":"post","link":"https:\/\/aquileoparra.com\/pacho\/2019\/02\/17\/feliz-cumpleanos-aquileo-parra\/","title":{"rendered":"\u00a1Feliz cumplea\u00f1os Aquileo Parra!"},"content":{"rendered":"<h3 style=\"text-align: right;\">\u00a0\u00abToda vida es una constante educaci\u00f3n\u00bb<\/h3>\n<h3 style=\"text-align: right;\">\u2022 Eleanor Roosevelt<\/h3>\n<h3 style=\"text-align: center;\"><strong>22 A\u00d1OS DE EDUCACI\u00d3N Y SERVICIO A LA COMUNIDAD PACHUNA<\/strong><\/h3>\n<p>El domingo 17 de Febrero nuestra instituci\u00f3n cumpli\u00f3 22 a\u00f1os. Por iniciativa del Dr. NESTOR VICENTE OSTOS BUSTOS alcalde del municipio de Pacho, fue creado el Liceo Aquileo Parra. Aprobado por el concejo mediante acuerdo numero 052 de Diciembre 11 de 1996, inicio sus labores el 17 de Febrero de 1997 teniendo como rectora a la Licenciada <strong>Luz Marina Ayala Caldas<\/strong>, con una poblaci\u00f3n de 105 estudiantes del grado sexto distribuidos en tres grupos, siendo su lema fundamental <em>actitud, rectitud y dedicaci\u00f3n<\/em>. Actualmente la instituci\u00f3n educativa Aquileo Parra orientada por el rector Lic. <strong>Luis Enrique Pach\u00f3n S\u00e1nchez<\/strong> y un equipo de docentes profesionales fortalecen los objetivos institucionales aportando conocimientos, principios y valores a los estudiantes tanto en primaria como en bachillerato, mostrando as\u00ed una instituci\u00f3n que cada d\u00eda es m\u00e1s s\u00f3lida y comprometida con la sociedad pachuna.<\/p>\n<h2 style=\"text-align: center;\"><span style=\"color: #0000ff;\"><strong>FELIZ CUMPLEA\u00d1OS I.E.D. AQUILEO PARRA<\/strong><\/span><\/h2>\n<h2 style=\"text-align: center;\"><span style=\"color: #00ccff;\"><strong>QUE SEAN M\u00c1S A\u00d1OS DE GRANDES CAMBIOS Y COMPROMISO CON LA EDUCACI\u00d3N.<\/strong><\/span><\/h2>\n","protected":false},"excerpt":{"rendered":"<div class=\"mh-excerpt\"><p>\u00a0\u00abToda vida es una constante educaci\u00f3n\u00bb \u2022 Eleanor Roosevelt 22 A\u00d1OS DE EDUCACI\u00d3N Y SERVICIO A LA COMUNIDAD PACHUNA El domingo 17 de Febrero nuestra <a class=\"mh-excerpt-more\" href=\"https:\/\/aquileoparra.com\/pacho\/2019\/02\/17\/feliz-cumpleanos-aquileo-parra\/\" title=\"\u00a1Feliz cumplea\u00f1os Aquileo Parra!\">[&#8230;]<\/a><\/p>\n<\/div>","protected":false},"author":1,"featured_media":1940,"comment_status":"open","ping_status":"open","sticky":false,"template":"","format":"standard","meta":{"footnotes":""},"categories":[1],"tags":[],"class_list":["post-1939","post","type-post","status-publish","format-standard","has-post-thumbnail","hentry","category-uncategorized"],"_links":{"self":[{"href":"https:\/\/aquileoparra.com\/pacho\/wp-json\/wp\/v2\/posts\/1939","targetHints":{"allow":["GET"]}}],"collection":[{"href":"https:\/\/aquileoparra.com\/pacho\/wp-json\/wp\/v2\/posts"}],"about":[{"href":"https:\/\/aquileoparra.com\/pacho\/wp-json\/wp\/v2\/types\/post"}],"author":[{"embeddable":true,"href":"https:\/\/aquileoparra.com\/pacho\/wp-json\/wp\/v2\/users\/1"}],"replies":[{"embeddable":true,"href":"https:\/\/aquileoparra.com\/pacho\/wp-json\/wp\/v2\/comments?post=1939"}],"version-history":[{"count":4,"href":"https:\/\/aquileoparra.com\/pacho\/wp-json\/wp\/v2\/posts\/1939\/revisions"}],"predecessor-version":[{"id":1944,"href":"https:\/\/aquileoparra.com\/pacho\/wp-json\/wp\/v2\/posts\/1939\/revisions\/1944"}],"wp:featuredmedia":[{"embeddable":true,"href":"https:\/\/aquileoparra.com\/pacho\/wp-json\/wp\/v2\/media\/1940"}],"wp:attachment":[{"href":"https:\/\/aquileoparra.com\/pacho\/wp-json\/wp\/v2\/media?parent=1939"}],"wp:term":[{"taxonomy":"category","embeddable":true,"href":"https:\/\/aquileoparra.com\/pacho\/wp-json\/wp\/v2\/categories?post=1939"},{"taxonomy":"post_tag","embeddable":true,"href":"https:\/\/aquileoparra.com\/pacho\/wp-json\/wp\/v2\/tags?post=1939"}],"curies":[{"name":"wp","href":"https:\/\/api.w.org\/{rel}","templated":true}]}}