{"id":1945,"date":"2019-02-07T04:31:14","date_gmt":"2019-02-07T04:31:14","guid":{"rendered":"https:\/\/aquileoparra.com\/pacho\/?p=1945"},"modified":"2019-02-22T04:35:40","modified_gmt":"2019-02-22T04:35:40","slug":"agradecimiento-y-reconocimiento","status":"publish","type":"post","link":"https:\/\/aquileoparra.com\/pacho\/2019\/02\/07\/agradecimiento-y-reconocimiento\/","title":{"rendered":"Agradecimiento y reconocimiento"},"content":{"rendered":"<h3 style=\"text-align: center;\">\u00abLa gratitud es la memoria del coraz\u00f3n\u00bb<\/h3>\n<p>El 7 de febrero se llev\u00f3 a cabo un almuerzo de integraci\u00f3n de los directivos docentes, administrativos y docentes para hacerles un reconocimiento a los profesores:\u00a0 Lic.\u00a0 <strong>Nelson Romero<\/strong> y <strong>Jos\u00e9 Ortiz<\/strong> por su trabajo, dedicaci\u00f3n y compromiso con la instituci\u00f3n. Un <span style=\"color: #ff6600;\"><strong>GRACIAS<\/strong> <\/span>en may\u00fascula por su compa\u00f1erismo y entrega durante varios a\u00f1os al <strong>servicio de la educaci\u00f3n<\/strong> y la <strong>labor social<\/strong> con la comunidad Aquileista. Los mejores deseos porque de hoy en adelante sigan cosechando frutos al lado de sus familias. No olviden que la instituci\u00f3n siempre estar\u00e1 con las <strong>puertas<\/strong> <strong>abiertas<\/strong> para ustedes y siguen haciendo parte de esta familia. <strong>\u00c9xitos en sus nuevos proyectos.<\/strong><\/p>\n<p>De igual manera damos la <strong>bienvenida<\/strong> al Lic.<strong> Jairo Pinz\u00f3n<\/strong> quien desde este a\u00f1o hace parte fundamental para el equipo docente, que quien con su experiencia y labor docente nos acompa\u00f1ar\u00e1 en el \u00e1rea de <strong>Educaci\u00f3n f\u00edsica\u00a0<\/strong>y seguir\u00e1 contribuyendo con el posicionamiento deportivo a nivel departamental y la formaci\u00f3n integral de una sana actividad f\u00edsica.<\/p>\n<p>Otra de las noticias para resaltar, es que la instituci\u00f3n acoge con alegr\u00eda el nuevo titulo <strong>Doctor en Ciencias de la Educaci\u00f3n<\/strong>, otorgado el s\u00e1bado pasado al <strong>Orientador Nelson Guzm\u00e1n<\/strong>. Merecido reconocimiento por su trabajo en pro de la ni\u00f1ez y la Juventud Aquileista. Felicitaciones y \u00e9xitos.<\/p>\n<p>&nbsp;<\/p>\n","protected":false},"excerpt":{"rendered":"<div class=\"mh-excerpt\"><p>\u00abLa gratitud es la memoria del coraz\u00f3n\u00bb El 7 de febrero se llev\u00f3 a cabo un almuerzo de integraci\u00f3n de los directivos docentes, administrativos y <a class=\"mh-excerpt-more\" href=\"https:\/\/aquileoparra.com\/pacho\/2019\/02\/07\/agradecimiento-y-reconocimiento\/\" title=\"Agradecimiento y reconocimiento\">[&#8230;]<\/a><\/p>\n<\/div>","protected":false},"author":1,"featured_media":1946,"comment_status":"open","ping_status":"open","sticky":false,"template":"","format":"standard","meta":{"footnotes":""},"categories":[1],"tags":[],"class_list":["post-1945","post","type-post","status-publish","format-standard","has-post-thumbnail","hentry","category-uncategorized"],"_links":{"self":[{"href":"https:\/\/aquileoparra.com\/pacho\/wp-json\/wp\/v2\/posts\/1945","targetHints":{"allow":["GET"]}}],"collection":[{"href":"https:\/\/aquileoparra.com\/pacho\/wp-json\/wp\/v2\/posts"}],"about":[{"href":"https:\/\/aquileoparra.com\/pacho\/wp-json\/wp\/v2\/types\/post"}],"author":[{"embeddable":true,"href":"https:\/\/aquileoparra.com\/pacho\/wp-json\/wp\/v2\/users\/1"}],"replies":[{"embeddable":true,"href":"https:\/\/aquileoparra.com\/pacho\/wp-json\/wp\/v2\/comments?post=1945"}],"version-history":[{"count":3,"href":"https:\/\/aquileoparra.com\/pacho\/wp-json\/wp\/v2\/posts\/1945\/revisions"}],"predecessor-version":[{"id":1949,"href":"https:\/\/aquileoparra.com\/pacho\/wp-json\/wp\/v2\/posts\/1945\/revisions\/1949"}],"wp:featuredmedia":[{"embeddable":true,"href":"https:\/\/aquileoparra.com\/pacho\/wp-json\/wp\/v2\/media\/1946"}],"wp:attachment":[{"href":"https:\/\/aquileoparra.com\/pacho\/wp-json\/wp\/v2\/media?parent=1945"}],"wp:term":[{"taxonomy":"category","embeddable":true,"href":"https:\/\/aquileoparra.com\/pacho\/wp-json\/wp\/v2\/categories?post=1945"},{"taxonomy":"post_tag","embeddable":true,"href":"https:\/\/aquileoparra.com\/pacho\/wp-json\/wp\/v2\/tags?post=1945"}],"curies":[{"name":"wp","href":"https:\/\/api.w.org\/{rel}","templated":true}]}}