{"id":2010,"date":"2019-04-23T02:36:18","date_gmt":"2019-04-23T02:36:18","guid":{"rendered":"https:\/\/aquileoparra.com\/pacho\/?p=2010"},"modified":"2019-06-13T02:49:24","modified_gmt":"2019-06-13T02:49:24","slug":"dia-del-idioma-3","status":"publish","type":"post","link":"https:\/\/aquileoparra.com\/pacho\/2019\/04\/23\/dia-del-idioma-3\/","title":{"rendered":"D\u00cdA DEL IDIOMA"},"content":{"rendered":"<p style=\"text-align: right;\"><strong>\u00abPara cualquier cosa que se quiera decir, existe una palabra para expresarla, un verbo\u00a0<\/strong><\/p>\n<p style=\"text-align: right;\"><strong>para animarla\u00a0y un adjetivo para precisarla.\u201d<\/strong><\/p>\n<p style=\"text-align: right;\">Guy de Maupassant.<\/p>\n<p>El <strong>viernes 26 de abril<\/strong> se llev\u00f3 a cabo, en la sede central, la conmemoraci\u00f3n del D\u00cdA\u00a0DEL IDIOMA. Bajo la direcci\u00f3n y liderazgo de las docentes del <strong>\u00e1rea de\u00a0\u00a0Humanidades<\/strong>, y con la participaci\u00f3n activa de administrativos y el acompa\u00f1amiento\u00a0de los docentes de las diferentes \u00e1reas, los estudiantes desarrollaron actividades\u00a0como: exposici\u00f3n de \u00a0carteleras\u00a0alusivas a los <strong>g\u00e9neros literarios<\/strong>, realizada por los\u00a0estudiantes que <strong>izaron el pabell\u00f3n nacional<\/strong> por alcanzar resultados satisfactorios en la\u00a0evaluaci\u00f3n en l\u00ednea de la asignatura <strong>lengua castellana<\/strong>. Puesta en escena de t\u00edteres y\u00a0dos actos de la obra titulada: \u201ccansancio conyugal\u201d. La organizaci\u00f3n de los <strong>concursos\u00a0<\/strong>\u201cordene la frase\u201d y \u201cadivine, adivinador\u201d, atrajo la atenci\u00f3n de la comunidad educativa\u00a0permitiendo una participaci\u00f3n activa en los dos eventos. La <strong>poes\u00eda<\/strong>, la <strong>danza<\/strong> y la\u00a0<strong>lectura<\/strong> de poemas in\u00e9ditos hicieron parte del acto cultural, actividades acad\u00e9micas y\u00a0culturales que exaltan la tradici\u00f3n oral, literaria y folcl\u00f3rica y enaltece el lenguaje en\u00a0todas sus dimensiones contribuyendo al mejoramiento de nuestra lengua materna: El\u00a0<strong>Espa\u00f1ol<\/strong>.<\/p>\n<p><img loading=\"lazy\" decoding=\"async\" class=\"aligncenter wp-image-2011 \" src=\"https:\/\/aquileoparra.com\/pacho\/wp-content\/uploads\/2019\/06\/D\u00eda-del-idioma-2019.jpg\" alt=\"\" width=\"346\" height=\"269\" \/><\/p>\n","protected":false},"excerpt":{"rendered":"<div class=\"mh-excerpt\"><p>\u00abPara cualquier cosa que se quiera decir, existe una palabra para expresarla, un verbo\u00a0 para animarla\u00a0y un adjetivo para precisarla.\u201d Guy de Maupassant. El viernes <a class=\"mh-excerpt-more\" href=\"https:\/\/aquileoparra.com\/pacho\/2019\/04\/23\/dia-del-idioma-3\/\" title=\"D\u00cdA DEL IDIOMA\">[&#8230;]<\/a><\/p>\n<\/div>","protected":false},"author":1,"featured_media":2011,"comment_status":"open","ping_status":"open","sticky":false,"template":"","format":"standard","meta":{"footnotes":""},"categories":[1],"tags":[],"class_list":["post-2010","post","type-post","status-publish","format-standard","has-post-thumbnail","hentry","category-uncategorized"],"_links":{"self":[{"href":"https:\/\/aquileoparra.com\/pacho\/wp-json\/wp\/v2\/posts\/2010","targetHints":{"allow":["GET"]}}],"collection":[{"href":"https:\/\/aquileoparra.com\/pacho\/wp-json\/wp\/v2\/posts"}],"about":[{"href":"https:\/\/aquileoparra.com\/pacho\/wp-json\/wp\/v2\/types\/post"}],"author":[{"embeddable":true,"href":"https:\/\/aquileoparra.com\/pacho\/wp-json\/wp\/v2\/users\/1"}],"replies":[{"embeddable":true,"href":"https:\/\/aquileoparra.com\/pacho\/wp-json\/wp\/v2\/comments?post=2010"}],"version-history":[{"count":3,"href":"https:\/\/aquileoparra.com\/pacho\/wp-json\/wp\/v2\/posts\/2010\/revisions"}],"predecessor-version":[{"id":2014,"href":"https:\/\/aquileoparra.com\/pacho\/wp-json\/wp\/v2\/posts\/2010\/revisions\/2014"}],"wp:featuredmedia":[{"embeddable":true,"href":"https:\/\/aquileoparra.com\/pacho\/wp-json\/wp\/v2\/media\/2011"}],"wp:attachment":[{"href":"https:\/\/aquileoparra.com\/pacho\/wp-json\/wp\/v2\/media?parent=2010"}],"wp:term":[{"taxonomy":"category","embeddable":true,"href":"https:\/\/aquileoparra.com\/pacho\/wp-json\/wp\/v2\/categories?post=2010"},{"taxonomy":"post_tag","embeddable":true,"href":"https:\/\/aquileoparra.com\/pacho\/wp-json\/wp\/v2\/tags?post=2010"}],"curies":[{"name":"wp","href":"https:\/\/api.w.org\/{rel}","templated":true}]}}