{"id":2468,"date":"2021-05-15T14:49:58","date_gmt":"2021-05-15T14:49:58","guid":{"rendered":"https:\/\/aquileoparra.com\/pacho\/?p=2468"},"modified":"2021-05-27T22:20:25","modified_gmt":"2021-05-27T22:20:25","slug":"feliz-dia-del-maestro","status":"publish","type":"post","link":"https:\/\/aquileoparra.com\/pacho\/2021\/05\/15\/feliz-dia-del-maestro\/","title":{"rendered":"Feliz d\u00eda del maestro"},"content":{"rendered":"<p><em>Par\u00eds, 19 de noviembre de 1957<\/em><\/p>\n<p><em>Querido se\u00f1or Germain:<\/em><\/p>\n<p><em>Esper\u00e9 a que se apagara un poco el ruido de todos estos d\u00edas antes de hablarle de todo coraz\u00f3n. He recibido un honor demasiado grande, que no he buscado ni pedido. Pero cuando supe la noticia, pens\u00e9 primero en mi madre y despu\u00e9s en usted. Sin usted, sin la mano afectuosa que tendi\u00f3 al ni\u00f1o pobre que era yo, sin su ense\u00f1anza no hubiese sucedido nada de esto. No es que d\u00e9 demasiada importancia a un honor de este tipo. Pero ofrece por lo menos la oportunidad de decirle lo que usted ha sido y sigue siendo para m\u00ed, y de corroborarle que sus esfuerzos, su trabajo y el coraz\u00f3n generoso que usted puso en ello contin\u00faan siempre vivos en uno de sus peque\u00f1os escolares, que, pese a los a\u00f1os, no ha dejado de ser un alumno agradecido. Un abrazo con todas mis fuerzas,<\/em><\/p>\n<p><em><strong>Albert Camus<\/strong><\/em><\/p>\n<p><img decoding=\"async\" src=\"https:\/\/larepublica.pe\/resizer\/QvlAEf6rwbfMMeAjNWHA__W9xoI=\/538x0\/top\/larepublica.pe\/resizer\/oh2zu2eFSQKNdhzKZV9yqcx9E9U=\/538x0\/top\/smart\/cloudfront-us-east-1.images.arcpublishing.com\/gruporepublica\/5OQZNSLRSBHO5HXA4TCEODMTJE.jpg\" alt=\"D\u00eda del Maestro: frases con im\u00e1genes para dedicar a los profesores y compartir en redes sociales | dibujos | poes\u00eda dibujos | Sticker | FOTOS | La Rep\u00fablica\" \/><\/p>\n","protected":false},"excerpt":{"rendered":"<div class=\"mh-excerpt\"><p>Par\u00eds, 19 de noviembre de 1957 Querido se\u00f1or Germain: Esper\u00e9 a que se apagara un poco el ruido de todos estos d\u00edas antes de hablarle <a class=\"mh-excerpt-more\" href=\"https:\/\/aquileoparra.com\/pacho\/2021\/05\/15\/feliz-dia-del-maestro\/\" title=\"Feliz d\u00eda del maestro\">[&#8230;]<\/a><\/p>\n<\/div>","protected":false},"author":1,"featured_media":2470,"comment_status":"open","ping_status":"open","sticky":false,"template":"","format":"standard","meta":{"footnotes":""},"categories":[1],"tags":[],"class_list":["post-2468","post","type-post","status-publish","format-standard","has-post-thumbnail","hentry","category-uncategorized"],"_links":{"self":[{"href":"https:\/\/aquileoparra.com\/pacho\/wp-json\/wp\/v2\/posts\/2468","targetHints":{"allow":["GET"]}}],"collection":[{"href":"https:\/\/aquileoparra.com\/pacho\/wp-json\/wp\/v2\/posts"}],"about":[{"href":"https:\/\/aquileoparra.com\/pacho\/wp-json\/wp\/v2\/types\/post"}],"author":[{"embeddable":true,"href":"https:\/\/aquileoparra.com\/pacho\/wp-json\/wp\/v2\/users\/1"}],"replies":[{"embeddable":true,"href":"https:\/\/aquileoparra.com\/pacho\/wp-json\/wp\/v2\/comments?post=2468"}],"version-history":[{"count":3,"href":"https:\/\/aquileoparra.com\/pacho\/wp-json\/wp\/v2\/posts\/2468\/revisions"}],"predecessor-version":[{"id":2472,"href":"https:\/\/aquileoparra.com\/pacho\/wp-json\/wp\/v2\/posts\/2468\/revisions\/2472"}],"wp:featuredmedia":[{"embeddable":true,"href":"https:\/\/aquileoparra.com\/pacho\/wp-json\/wp\/v2\/media\/2470"}],"wp:attachment":[{"href":"https:\/\/aquileoparra.com\/pacho\/wp-json\/wp\/v2\/media?parent=2468"}],"wp:term":[{"taxonomy":"category","embeddable":true,"href":"https:\/\/aquileoparra.com\/pacho\/wp-json\/wp\/v2\/categories?post=2468"},{"taxonomy":"post_tag","embeddable":true,"href":"https:\/\/aquileoparra.com\/pacho\/wp-json\/wp\/v2\/tags?post=2468"}],"curies":[{"name":"wp","href":"https:\/\/api.w.org\/{rel}","templated":true}]}}