{"id":2612,"date":"2022-05-12T13:33:49","date_gmt":"2022-05-12T13:33:49","guid":{"rendered":"https:\/\/aquileoparra.com\/pacho\/?p=2612"},"modified":"2022-07-31T23:12:25","modified_gmt":"2022-07-31T23:12:25","slug":"david-santiago-se-destaco-en-boxeo-a-nivel-nacional","status":"publish","type":"post","link":"https:\/\/aquileoparra.com\/pacho\/2022\/05\/12\/david-santiago-se-destaco-en-boxeo-a-nivel-nacional\/","title":{"rendered":"DAVID SANTIAGO SE DESTACO EN BOXEO A NIVEL NACIONAL"},"content":{"rendered":"<div id='gallery-1' class='gallery galleryid-2612 gallery-columns-3 gallery-size-thumbnail'><figure class='gallery-item'>\n\t\t\t<div class='gallery-icon landscape'>\n\t\t\t\t<a href='https:\/\/aquileoparra.com\/pacho\/2022\/05\/12\/david-santiago-se-destaco-en-boxeo-a-nivel-nacional\/m1-5\/'><img loading=\"lazy\" decoding=\"async\" width=\"150\" height=\"150\" src=\"https:\/\/aquileoparra.com\/pacho\/wp-content\/uploads\/2022\/05\/m1-5-150x150.jpeg\" class=\"attachment-thumbnail size-thumbnail\" alt=\"\" srcset=\"https:\/\/aquileoparra.com\/pacho\/wp-content\/uploads\/2022\/05\/m1-5-150x150.jpeg 150w, https:\/\/aquileoparra.com\/pacho\/wp-content\/uploads\/2022\/05\/m1-5-300x300.jpeg 300w, https:\/\/aquileoparra.com\/pacho\/wp-content\/uploads\/2022\/05\/m1-5-1024x1024.jpeg 1024w, https:\/\/aquileoparra.com\/pacho\/wp-content\/uploads\/2022\/05\/m1-5-768x768.jpeg 768w, https:\/\/aquileoparra.com\/pacho\/wp-content\/uploads\/2022\/05\/m1-5.jpeg 1496w\" sizes=\"auto, (max-width: 150px) 100vw, 150px\" \/><\/a>\n\t\t\t<\/div><\/figure><figure class='gallery-item'>\n\t\t\t<div class='gallery-icon landscape'>\n\t\t\t\t<a href='https:\/\/aquileoparra.com\/pacho\/2022\/05\/12\/david-santiago-se-destaco-en-boxeo-a-nivel-nacional\/m1-1\/'><img loading=\"lazy\" decoding=\"async\" width=\"150\" height=\"150\" src=\"https:\/\/aquileoparra.com\/pacho\/wp-content\/uploads\/2022\/05\/m1-1-150x150.jpeg\" class=\"attachment-thumbnail size-thumbnail\" alt=\"\" srcset=\"https:\/\/aquileoparra.com\/pacho\/wp-content\/uploads\/2022\/05\/m1-1-150x150.jpeg 150w, https:\/\/aquileoparra.com\/pacho\/wp-content\/uploads\/2022\/05\/m1-1-300x300.jpeg 300w, https:\/\/aquileoparra.com\/pacho\/wp-content\/uploads\/2022\/05\/m1-1-1024x1024.jpeg 1024w, https:\/\/aquileoparra.com\/pacho\/wp-content\/uploads\/2022\/05\/m1-1-768x768.jpeg 768w, https:\/\/aquileoparra.com\/pacho\/wp-content\/uploads\/2022\/05\/m1-1.jpeg 1496w\" sizes=\"auto, (max-width: 150px) 100vw, 150px\" \/><\/a>\n\t\t\t<\/div><\/figure><figure class='gallery-item'>\n\t\t\t<div class='gallery-icon landscape'>\n\t\t\t\t<a href='https:\/\/aquileoparra.com\/pacho\/2022\/05\/12\/david-santiago-se-destaco-en-boxeo-a-nivel-nacional\/ines1-1\/'><img loading=\"lazy\" decoding=\"async\" width=\"150\" height=\"150\" src=\"https:\/\/aquileoparra.com\/pacho\/wp-content\/uploads\/2022\/05\/INES1-1-150x150.jpeg\" class=\"attachment-thumbnail size-thumbnail\" alt=\"\" srcset=\"https:\/\/aquileoparra.com\/pacho\/wp-content\/uploads\/2022\/05\/INES1-1-150x150.jpeg 150w, https:\/\/aquileoparra.com\/pacho\/wp-content\/uploads\/2022\/05\/INES1-1-300x300.jpeg 300w, https:\/\/aquileoparra.com\/pacho\/wp-content\/uploads\/2022\/05\/INES1-1-1024x1024.jpeg 1024w, https:\/\/aquileoparra.com\/pacho\/wp-content\/uploads\/2022\/05\/INES1-1-768x768.jpeg 768w, https:\/\/aquileoparra.com\/pacho\/wp-content\/uploads\/2022\/05\/INES1-1.jpeg 1280w\" sizes=\"auto, (max-width: 150px) 100vw, 150px\" \/><\/a>\n\t\t\t<\/div><\/figure><figure class='gallery-item'>\n\t\t\t<div class='gallery-icon landscape'>\n\t\t\t\t<a href='https:\/\/aquileoparra.com\/pacho\/2022\/05\/12\/david-santiago-se-destaco-en-boxeo-a-nivel-nacional\/ines1-4\/'><img loading=\"lazy\" decoding=\"async\" width=\"150\" height=\"150\" src=\"https:\/\/aquileoparra.com\/pacho\/wp-content\/uploads\/2022\/05\/INES1-4-150x150.jpeg\" class=\"attachment-thumbnail size-thumbnail\" alt=\"\" srcset=\"https:\/\/aquileoparra.com\/pacho\/wp-content\/uploads\/2022\/05\/INES1-4-150x150.jpeg 150w, https:\/\/aquileoparra.com\/pacho\/wp-content\/uploads\/2022\/05\/INES1-4-300x300.jpeg 300w, https:\/\/aquileoparra.com\/pacho\/wp-content\/uploads\/2022\/05\/INES1-4-1024x1024.jpeg 1024w, https:\/\/aquileoparra.com\/pacho\/wp-content\/uploads\/2022\/05\/INES1-4-768x768.jpeg 768w, https:\/\/aquileoparra.com\/pacho\/wp-content\/uploads\/2022\/05\/INES1-4.jpeg 1280w\" sizes=\"auto, (max-width: 150px) 100vw, 150px\" \/><\/a>\n\t\t\t<\/div><\/figure>\n\t\t<\/div>\n\n<p>El d\u00eda 11 de mayo se llev\u00f3 a cabo la entrega de una placa como reconocimiento deportivo en la modalidad boxeo a matear en los juegos sup\u00e9rate, al estudiante DAVID SANTIAGO MART\u00cdN GOMEZ del grado 902, El acto protocolario se realiz\u00f3 frente a todos los estudiantes de secundaria con la presencia del Se\u00f1or Alcalde VICENTE OSTOS BUSTOS, el director de INDER y los entrenadores de la modalidad.<\/p>\n<p>Desde el a\u00f1o 2020 se iniciaron los enteramientos con el entrenador el ex boxear VICTOR ALARCON, se particip\u00f3 en intercolegiados, fase departamental donde se obtuvo medalla de oro y por \u00faltimo en la fase nacional se logr\u00f3 la medalla de bronce en la ciudad de Pereira.<\/p>\n<p>Contin\u00faan los entrenamientos para participar en juegos intercolegiados que se inician en el mes de septiembre.<\/p>\n<p><strong>FELICITACIONES<\/strong><\/p>\n","protected":false},"excerpt":{"rendered":"<div class=\"mh-excerpt\"><p>El d\u00eda 11 de mayo se llev\u00f3 a cabo la entrega de una placa como reconocimiento deportivo en la modalidad boxeo a matear en los <a class=\"mh-excerpt-more\" href=\"https:\/\/aquileoparra.com\/pacho\/2022\/05\/12\/david-santiago-se-destaco-en-boxeo-a-nivel-nacional\/\" title=\"DAVID SANTIAGO SE DESTACO EN BOXEO A NIVEL NACIONAL\">[&#8230;]<\/a><\/p>\n<\/div>","protected":false},"author":1,"featured_media":2808,"comment_status":"open","ping_status":"open","sticky":false,"template":"","format":"standard","meta":{"footnotes":""},"categories":[1],"tags":[],"class_list":["post-2612","post","type-post","status-publish","format-standard","has-post-thumbnail","hentry","category-uncategorized"],"_links":{"self":[{"href":"https:\/\/aquileoparra.com\/pacho\/wp-json\/wp\/v2\/posts\/2612","targetHints":{"allow":["GET"]}}],"collection":[{"href":"https:\/\/aquileoparra.com\/pacho\/wp-json\/wp\/v2\/posts"}],"about":[{"href":"https:\/\/aquileoparra.com\/pacho\/wp-json\/wp\/v2\/types\/post"}],"author":[{"embeddable":true,"href":"https:\/\/aquileoparra.com\/pacho\/wp-json\/wp\/v2\/users\/1"}],"replies":[{"embeddable":true,"href":"https:\/\/aquileoparra.com\/pacho\/wp-json\/wp\/v2\/comments?post=2612"}],"version-history":[{"count":5,"href":"https:\/\/aquileoparra.com\/pacho\/wp-json\/wp\/v2\/posts\/2612\/revisions"}],"predecessor-version":[{"id":2811,"href":"https:\/\/aquileoparra.com\/pacho\/wp-json\/wp\/v2\/posts\/2612\/revisions\/2811"}],"wp:featuredmedia":[{"embeddable":true,"href":"https:\/\/aquileoparra.com\/pacho\/wp-json\/wp\/v2\/media\/2808"}],"wp:attachment":[{"href":"https:\/\/aquileoparra.com\/pacho\/wp-json\/wp\/v2\/media?parent=2612"}],"wp:term":[{"taxonomy":"category","embeddable":true,"href":"https:\/\/aquileoparra.com\/pacho\/wp-json\/wp\/v2\/categories?post=2612"},{"taxonomy":"post_tag","embeddable":true,"href":"https:\/\/aquileoparra.com\/pacho\/wp-json\/wp\/v2\/tags?post=2612"}],"curies":[{"name":"wp","href":"https:\/\/api.w.org\/{rel}","templated":true}]}}