{"id":3356,"date":"2023-03-22T15:33:49","date_gmt":"2023-03-22T15:33:49","guid":{"rendered":"https:\/\/aquileoparra.com\/pacho\/?p=3356"},"modified":"2023-03-22T15:54:42","modified_gmt":"2023-03-22T15:54:42","slug":"eleccion-gobierno-escolar-2023","status":"publish","type":"post","link":"https:\/\/aquileoparra.com\/pacho\/2023\/03\/22\/eleccion-gobierno-escolar-2023\/","title":{"rendered":"ELECCION GOBIERNO ESCOLAR 2023"},"content":{"rendered":"<h2 style=\"text-align: center;\"><strong>EL PERSONERO, LA REPRESENTACI\u00d3N DE LOS ESTUDIANTES.<\/strong><\/h2>\n<table class=\" aligncenter\" style=\"height: 346px;\" width=\"496\">\n<tbody>\n<tr>\n<td><a href=\"https:\/\/aquileoparra.com\/pacho\/wp-content\/uploads\/2023\/03\/PERSONERO.png\"><img loading=\"lazy\" decoding=\"async\" class=\"aligncenter wp-image-3359\" src=\"https:\/\/aquileoparra.com\/pacho\/wp-content\/uploads\/2023\/03\/PERSONERO.png\" alt=\"\" width=\"162\" height=\"223\" srcset=\"https:\/\/aquileoparra.com\/pacho\/wp-content\/uploads\/2023\/03\/PERSONERO.png 229w, https:\/\/aquileoparra.com\/pacho\/wp-content\/uploads\/2023\/03\/PERSONERO-217x300.png 217w\" sizes=\"auto, (max-width: 162px) 100vw, 162px\" \/><\/a><\/td>\n<td><img loading=\"lazy\" decoding=\"async\" class=\"aligncenter wp-image-3360\" src=\"https:\/\/aquileoparra.com\/pacho\/wp-content\/uploads\/2023\/03\/CONTRALORA.png\" alt=\"\" width=\"149\" height=\"214\" srcset=\"https:\/\/aquileoparra.com\/pacho\/wp-content\/uploads\/2023\/03\/CONTRALORA.png 218w, https:\/\/aquileoparra.com\/pacho\/wp-content\/uploads\/2023\/03\/CONTRALORA-209x300.png 209w\" sizes=\"auto, (max-width: 149px) 100vw, 149px\" \/><\/td>\n<\/tr>\n<tr>\n<td>\n<h6><em>HERNANDEZ FRESNEDA JULIAN DAVID<\/em><\/h6>\n<h6 style=\"text-align: center;\"><em>PERSONERO 2023\u00a0\u00a0\u00a0\u00a0<\/em><\/h6>\n<\/td>\n<td>\n<h6 style=\"text-align: center;\"><em>\u00a0\u00a0 \u00a0 \u00a0GONZ\u00c1LEZ RODR\u00cdGUEZ LAURA SOF\u00cdA<\/em><\/h6>\n<h6 style=\"text-align: center;\"><em>CONTRALORA 2023<\/em><\/h6>\n<\/td>\n<\/tr>\n<\/tbody>\n<\/table>\n<p><em>La Instituci\u00f3n educativa departamental Aquileo Parra, es el escenario privilegiado para la transformaci\u00f3n de pr\u00e1cticas democr\u00e1ticas en el pa\u00eds, que aportan a la construcci\u00f3n de paz y que tiene como principal reto; fortalecer la cultura ciudadana para el ejercicio del voto consciente e informado.<\/em><\/p>\n<p><em>El papel del personero Aquileista, es promover el ejercicio de los deberes y derechos de los estudiantes, los cuales est\u00e1n plasmados en el manual de convivencia de la instituci\u00f3n <strong>Aprender a Convivir; Convivir para Aprender. <\/strong>Estos miembros del gobierno escolar elegidos por quienes se ver\u00e1n representados ante los diferentes comit\u00e9s de la instituci\u00f3n, mediante votaci\u00f3n digital, hacen que el proceso de formaci\u00f3n democr\u00e1tica en los estudiantes sea un verdadero \u00e9xito, y que logremos verlos como las personas que el d\u00eda de ma\u00f1ana ser\u00e1n parte crucial para el funcionamiento del pa\u00eds.<\/em><\/p>\n<div id='gallery-1' class='gallery galleryid-3356 gallery-columns-2 gallery-size-large'><figure class='gallery-item'>\n\t\t\t<div class='gallery-icon landscape'>\n\t\t\t\t<a href='https:\/\/aquileoparra.com\/pacho\/2023\/03\/22\/eleccion-gobierno-escolar-2023\/m1-48\/'><img loading=\"lazy\" decoding=\"async\" width=\"873\" height=\"721\" src=\"https:\/\/aquileoparra.com\/pacho\/wp-content\/uploads\/2023\/03\/M1.jpeg\" class=\"attachment-large size-large\" alt=\"\" srcset=\"https:\/\/aquileoparra.com\/pacho\/wp-content\/uploads\/2023\/03\/M1.jpeg 873w, https:\/\/aquileoparra.com\/pacho\/wp-content\/uploads\/2023\/03\/M1-300x248.jpeg 300w, https:\/\/aquileoparra.com\/pacho\/wp-content\/uploads\/2023\/03\/M1-768x634.jpeg 768w\" sizes=\"auto, (max-width: 873px) 100vw, 873px\" \/><\/a>\n\t\t\t<\/div><\/figure><figure class='gallery-item'>\n\t\t\t<div class='gallery-icon landscape'>\n\t\t\t\t<a href='https:\/\/aquileoparra.com\/pacho\/2023\/03\/22\/eleccion-gobierno-escolar-2023\/m2-2\/'><img loading=\"lazy\" decoding=\"async\" width=\"600\" height=\"519\" src=\"https:\/\/aquileoparra.com\/pacho\/wp-content\/uploads\/2023\/03\/M2-e1679500463108.jpeg\" class=\"attachment-large size-large\" alt=\"\" \/><\/a>\n\t\t\t<\/div><\/figure>\n\t\t<\/div>\n\n<p><!--more--><\/p>\n<p><em>Los estudiantes de la instituci\u00f3n educativa departamental Aquileo Parra, vivieron este proceso electoral mediante el cual hicieron efectivo su derecho al voto, opci\u00f3n que les permiti\u00f3 comprender y contextualizar m\u00e1s la realidad de una naci\u00f3n como la nuestra. Es por esto que para todos los miembros de la comunidad Aquileista, el proceso de elecci\u00f3n de personero es una vivencia real y palpable, pero, sobre todo, que trae consigo una gran responsabilidad por parte de cada uno de los estudiantes.<\/em><\/p>\n<p><em>Una muestra de la importancia de participar en este proceso, fue el constante apoyo por parte de las directivas y docentes de la instituci\u00f3n, quienes velaron por la transparencia del proceso electoral, con la ayuda de los recursos tecnol\u00f3gicos necesarios para culminar satisfactoriamente esta actividad democr\u00e1tica.<\/em><\/p>\n<p><em>Debido a esto, los docentes del \u00c1rea de Ciencias Sociales, felicitan a toda la comunidad educativa que hizo parte de este magn\u00edfico momento ya que, gracias a su responsabilidad y entusiasmo evidenciado, hicieron posible que cada una de las fases del proyecto se vivieran a plenitud, obteniendo del escrutinio final el siguiente resultado:<\/em><\/p>\n<ul>\n<li><em><strong>Escrutinio Personero estudiantil 2023: <\/strong><\/em><\/li>\n<li><em>Juli\u00e1n Hern\u00e1ndez 414 votos<\/em><\/li>\n<li><em>Tatiana Sierra 142 votos<\/em><\/li>\n<li><em><strong>Escrutinio Contralor estudiantil 2023: <\/strong><\/em><\/li>\n<li><em>Sof\u00eda Gonz\u00e1lez 316 votos<\/em><\/li>\n<li><em>Valeria Ram\u00edrez \u00a0\u00a0\u00a0\u00a0\u00a0\u00a0142 votos<\/em><\/li>\n<li><em>Sharon Barrios \u00a0\u00a0\u00a0\u00a0\u00a064 votos<\/em><\/li>\n<\/ul>\n<p><em>Dado lo anterior, el 14 de marzo se llevo a cabo el acto protocolario para la posesi\u00f3n de la nueva contralora, la estudiante Laura Sofia Gonz\u00e1lez Rodr\u00edguez del grado\u00a0\u00a0\u00a0\u00a0\u00a0 10-1 y el nuevo personero, el estudiante Juli\u00e1n David Hern\u00e1ndez Fresneda del grado 11-2, que por medio de la imposici\u00f3n de bandas y juramento a la bandera sellaron su compromiso con el mejoramiento de la calidad en la instituci\u00f3n.<\/em><\/p>\n<p><em>En conclusi\u00f3n, participar en la elecci\u00f3n del gobierno escolar es una oportunidad para formar en nuestros estudiantes valores ciudadanos, con vocaci\u00f3n de servicio, fe y trabajo colaborativo. Comprendiendo el deber ser de la pol\u00edtica para una sociedad mas consciente de su poder electoral.<\/em><\/p>\n","protected":false},"excerpt":{"rendered":"<div class=\"mh-excerpt\"><p>EL PERSONERO, LA REPRESENTACI\u00d3N DE LOS ESTUDIANTES. HERNANDEZ FRESNEDA JULIAN DAVID PERSONERO 2023\u00a0\u00a0\u00a0\u00a0 \u00a0\u00a0 \u00a0 \u00a0GONZ\u00c1LEZ RODR\u00cdGUEZ LAURA SOF\u00cdA CONTRALORA 2023 La Instituci\u00f3n educativa departamental <a class=\"mh-excerpt-more\" href=\"https:\/\/aquileoparra.com\/pacho\/2023\/03\/22\/eleccion-gobierno-escolar-2023\/\" title=\"ELECCION GOBIERNO ESCOLAR 2023\">[&#8230;]<\/a><\/p>\n<\/div>","protected":false},"author":1,"featured_media":3363,"comment_status":"open","ping_status":"open","sticky":false,"template":"","format":"standard","meta":{"footnotes":""},"categories":[1],"tags":[],"class_list":["post-3356","post","type-post","status-publish","format-standard","has-post-thumbnail","hentry","category-uncategorized"],"_links":{"self":[{"href":"https:\/\/aquileoparra.com\/pacho\/wp-json\/wp\/v2\/posts\/3356","targetHints":{"allow":["GET"]}}],"collection":[{"href":"https:\/\/aquileoparra.com\/pacho\/wp-json\/wp\/v2\/posts"}],"about":[{"href":"https:\/\/aquileoparra.com\/pacho\/wp-json\/wp\/v2\/types\/post"}],"author":[{"embeddable":true,"href":"https:\/\/aquileoparra.com\/pacho\/wp-json\/wp\/v2\/users\/1"}],"replies":[{"embeddable":true,"href":"https:\/\/aquileoparra.com\/pacho\/wp-json\/wp\/v2\/comments?post=3356"}],"version-history":[{"count":6,"href":"https:\/\/aquileoparra.com\/pacho\/wp-json\/wp\/v2\/posts\/3356\/revisions"}],"predecessor-version":[{"id":3366,"href":"https:\/\/aquileoparra.com\/pacho\/wp-json\/wp\/v2\/posts\/3356\/revisions\/3366"}],"wp:featuredmedia":[{"embeddable":true,"href":"https:\/\/aquileoparra.com\/pacho\/wp-json\/wp\/v2\/media\/3363"}],"wp:attachment":[{"href":"https:\/\/aquileoparra.com\/pacho\/wp-json\/wp\/v2\/media?parent=3356"}],"wp:term":[{"taxonomy":"category","embeddable":true,"href":"https:\/\/aquileoparra.com\/pacho\/wp-json\/wp\/v2\/categories?post=3356"},{"taxonomy":"post_tag","embeddable":true,"href":"https:\/\/aquileoparra.com\/pacho\/wp-json\/wp\/v2\/tags?post=3356"}],"curies":[{"name":"wp","href":"https:\/\/api.w.org\/{rel}","templated":true}]}}