{"id":3373,"date":"2023-03-28T02:24:28","date_gmt":"2023-03-28T02:24:28","guid":{"rendered":"https:\/\/aquileoparra.com\/pacho\/?p=3373"},"modified":"2023-03-28T02:32:05","modified_gmt":"2023-03-28T02:32:05","slug":"dia-del-genero-aquileista-2023","status":"publish","type":"post","link":"https:\/\/aquileoparra.com\/pacho\/2023\/03\/28\/dia-del-genero-aquileista-2023\/","title":{"rendered":"DIA DEL GENERO AQUILEISTA 2023"},"content":{"rendered":"<h3 style=\"text-align: center;\"><em><strong>CELEBRACION DIA DEL GENERO 2023<\/strong><\/em><\/h3>\n<p style=\"text-align: center;\"><em>\u201cUn hombre s\u00f3lo tiene derecho a mirar a otro hacia abajo, cuando a de ayudarle a levantarse\u201d<\/em><\/p>\n<p style=\"text-align: center;\"><em>\u00a0\u00a0\u00a0\u00a0\u00a0\u00a0\u00a0\u00a0\u00a0\u00a0\u00a0\u00a0\u00a0\u00a0\u00a0\u00a0\u00a0\u00a0\u00a0\u00a0\u00a0\u00a0\u00a0\u00a0\u00a0\u00a0\u00a0\u00a0\u00a0\u00a0\u00a0\u00a0\u00a0\u00a0\u00a0\u00a0\u00a0\u00a0\u00a0\u00a0\u00a0\u00a0\u00a0\u00a0\u00a0\u00a0\u00a0\u00a0\u00a0\u00a0\u00a0\u00a0\u00a0\u00a0\u00a0\u00a0\u00a0\u00a0\u00a0\u00a0\u00a0\u00a0\u00a0\u00a0\u00a0\u00a0\u00a0\u00a0\u00a0\u00a0\u00a0\u00a0\u00a0\u00a0\u00a0\u00a0\u00a0\u00a0\u00a0\u00a0\u00a0\u00a0\u00a0\u00a0\u00a0\u00a0 Gabriel Garc\u00eda M\u00e1rquez<\/em><\/p>\n<p><em>El pasado 16 de marzo en \u00a0la sede principal se conmemor\u00f3 EL\u00a0 D\u00cdA DEL G\u00c9NERO. A trav\u00e9s de\u00a0 actividades l\u00fadico pedag\u00f3gicas los organizadores,\u00a0 \u00a0docentes del \u00e1rea de art\u00edstica y estudiantes del grado once, rindieron un homenaje al papel del hombre y la mujer en la sociedad en especial a los hombres y mujeres aquileistas y resaltaron la importancia de crear espacios inclusivos, donde la diversidad y la diferencia entre g\u00e9neros deben \u00a0propender por una convivencia sana. El programa con la comunidad estudiantil\u00a0 se llev\u00f3 a cabo a trav\u00e9s de cuatro \u00a0momentos:<\/em><\/p>\n<ul>\n<li><em>Izada de bandera donde se destac\u00f3 a los estudiantes de cada grado con el mayor sentido de compa\u00f1erismo.<\/em><\/li>\n<li><em>Espacio cultural donde los estudiantes de manera libre y espont\u00e1nea mostraron sus habilidades y talentos a trav\u00e9s de manifestaciones art\u00edsticas como el baile y el canto.<\/em><\/li>\n<li><em>Aula de clase-director de grado. En un ambiente de alegr\u00eda y esparcimiento los estudiantes junto con sus directores saborearon el compartir y se resalt\u00f3 los valores del hombre y la mujer aquileista.<\/em><\/li>\n<li><em>Hora loca y Concurso del grupo m\u00e1s unido destac\u00e1ndose los grados s\u00e9ptimos y once alcanzando un empate. La hora loca permiti\u00f3 a los estudiantes mostrar sus habilidades en el baile.<\/em><\/li>\n<\/ul>\n<div id='gallery-1' class='gallery galleryid-3373 gallery-columns-3 gallery-size-medium'><figure class='gallery-item'>\n\t\t\t<div class='gallery-icon portrait'>\n\t\t\t\t<a href='https:\/\/aquileoparra.com\/pacho\/2023\/03\/28\/dia-del-genero-aquileista-2023\/genero-1\/'><img loading=\"lazy\" decoding=\"async\" width=\"169\" height=\"300\" src=\"https:\/\/aquileoparra.com\/pacho\/wp-content\/uploads\/2023\/03\/genero-1-169x300.jpeg\" class=\"attachment-medium size-medium\" alt=\"\" srcset=\"https:\/\/aquileoparra.com\/pacho\/wp-content\/uploads\/2023\/03\/genero-1-169x300.jpeg 169w, https:\/\/aquileoparra.com\/pacho\/wp-content\/uploads\/2023\/03\/genero-1-576x1024.jpeg 576w, https:\/\/aquileoparra.com\/pacho\/wp-content\/uploads\/2023\/03\/genero-1-768x1365.jpeg 768w, https:\/\/aquileoparra.com\/pacho\/wp-content\/uploads\/2023\/03\/genero-1-864x1536.jpeg 864w, https:\/\/aquileoparra.com\/pacho\/wp-content\/uploads\/2023\/03\/genero-1.jpeg 900w\" sizes=\"auto, (max-width: 169px) 100vw, 169px\" \/><\/a>\n\t\t\t<\/div><\/figure><figure class='gallery-item'>\n\t\t\t<div class='gallery-icon portrait'>\n\t\t\t\t<a href='https:\/\/aquileoparra.com\/pacho\/2023\/03\/28\/dia-del-genero-aquileista-2023\/genero-2\/'><img loading=\"lazy\" decoding=\"async\" width=\"169\" height=\"300\" src=\"https:\/\/aquileoparra.com\/pacho\/wp-content\/uploads\/2023\/03\/genero-2-169x300.jpeg\" class=\"attachment-medium size-medium\" alt=\"\" srcset=\"https:\/\/aquileoparra.com\/pacho\/wp-content\/uploads\/2023\/03\/genero-2-169x300.jpeg 169w, https:\/\/aquileoparra.com\/pacho\/wp-content\/uploads\/2023\/03\/genero-2-576x1024.jpeg 576w, https:\/\/aquileoparra.com\/pacho\/wp-content\/uploads\/2023\/03\/genero-2-768x1365.jpeg 768w, https:\/\/aquileoparra.com\/pacho\/wp-content\/uploads\/2023\/03\/genero-2-864x1536.jpeg 864w, https:\/\/aquileoparra.com\/pacho\/wp-content\/uploads\/2023\/03\/genero-2.jpeg 900w\" sizes=\"auto, (max-width: 169px) 100vw, 169px\" \/><\/a>\n\t\t\t<\/div><\/figure><figure class='gallery-item'>\n\t\t\t<div class='gallery-icon portrait'>\n\t\t\t\t<a href='https:\/\/aquileoparra.com\/pacho\/2023\/03\/28\/dia-del-genero-aquileista-2023\/genero-3\/'><img loading=\"lazy\" decoding=\"async\" width=\"169\" height=\"300\" src=\"https:\/\/aquileoparra.com\/pacho\/wp-content\/uploads\/2023\/03\/genero-3-169x300.jpeg\" class=\"attachment-medium size-medium\" alt=\"\" srcset=\"https:\/\/aquileoparra.com\/pacho\/wp-content\/uploads\/2023\/03\/genero-3-169x300.jpeg 169w, https:\/\/aquileoparra.com\/pacho\/wp-content\/uploads\/2023\/03\/genero-3-576x1024.jpeg 576w, https:\/\/aquileoparra.com\/pacho\/wp-content\/uploads\/2023\/03\/genero-3-768x1365.jpeg 768w, https:\/\/aquileoparra.com\/pacho\/wp-content\/uploads\/2023\/03\/genero-3-864x1536.jpeg 864w, https:\/\/aquileoparra.com\/pacho\/wp-content\/uploads\/2023\/03\/genero-3.jpeg 900w\" sizes=\"auto, (max-width: 169px) 100vw, 169px\" \/><\/a>\n\t\t\t<\/div><\/figure><figure class='gallery-item'>\n\t\t\t<div class='gallery-icon portrait'>\n\t\t\t\t<a href='https:\/\/aquileoparra.com\/pacho\/2023\/03\/28\/dia-del-genero-aquileista-2023\/genero-7\/'><img loading=\"lazy\" decoding=\"async\" width=\"169\" height=\"300\" src=\"https:\/\/aquileoparra.com\/pacho\/wp-content\/uploads\/2023\/03\/genero-7-169x300.jpeg\" class=\"attachment-medium size-medium\" alt=\"\" srcset=\"https:\/\/aquileoparra.com\/pacho\/wp-content\/uploads\/2023\/03\/genero-7-169x300.jpeg 169w, https:\/\/aquileoparra.com\/pacho\/wp-content\/uploads\/2023\/03\/genero-7.jpeg 540w\" sizes=\"auto, (max-width: 169px) 100vw, 169px\" \/><\/a>\n\t\t\t<\/div><\/figure><figure class='gallery-item'>\n\t\t\t<div class='gallery-icon landscape'>\n\t\t\t\t<a href='https:\/\/aquileoparra.com\/pacho\/2023\/03\/28\/dia-del-genero-aquileista-2023\/genero-8\/'><img loading=\"lazy\" decoding=\"async\" width=\"300\" height=\"169\" src=\"https:\/\/aquileoparra.com\/pacho\/wp-content\/uploads\/2023\/03\/genero-8-300x169.jpeg\" class=\"attachment-medium size-medium\" alt=\"\" srcset=\"https:\/\/aquileoparra.com\/pacho\/wp-content\/uploads\/2023\/03\/genero-8-300x169.jpeg 300w, https:\/\/aquileoparra.com\/pacho\/wp-content\/uploads\/2023\/03\/genero-8-768x432.jpeg 768w, https:\/\/aquileoparra.com\/pacho\/wp-content\/uploads\/2023\/03\/genero-8-678x381.jpeg 678w, https:\/\/aquileoparra.com\/pacho\/wp-content\/uploads\/2023\/03\/genero-8.jpeg 960w\" sizes=\"auto, (max-width: 300px) 100vw, 300px\" \/><\/a>\n\t\t\t<\/div><\/figure><figure class='gallery-item'>\n\t\t\t<div class='gallery-icon portrait'>\n\t\t\t\t<a href='https:\/\/aquileoparra.com\/pacho\/2023\/03\/28\/dia-del-genero-aquileista-2023\/genero-9\/'><img loading=\"lazy\" decoding=\"async\" width=\"169\" height=\"300\" src=\"https:\/\/aquileoparra.com\/pacho\/wp-content\/uploads\/2023\/03\/genero-9-169x300.jpeg\" class=\"attachment-medium size-medium\" alt=\"\" srcset=\"https:\/\/aquileoparra.com\/pacho\/wp-content\/uploads\/2023\/03\/genero-9-169x300.jpeg 169w, https:\/\/aquileoparra.com\/pacho\/wp-content\/uploads\/2023\/03\/genero-9-576x1024.jpeg 576w, https:\/\/aquileoparra.com\/pacho\/wp-content\/uploads\/2023\/03\/genero-9-768x1365.jpeg 768w, https:\/\/aquileoparra.com\/pacho\/wp-content\/uploads\/2023\/03\/genero-9-864x1536.jpeg 864w, https:\/\/aquileoparra.com\/pacho\/wp-content\/uploads\/2023\/03\/genero-9.jpeg 900w\" sizes=\"auto, (max-width: 169px) 100vw, 169px\" \/><\/a>\n\t\t\t<\/div><\/figure><figure class='gallery-item'>\n\t\t\t<div class='gallery-icon portrait'>\n\t\t\t\t<a href='https:\/\/aquileoparra.com\/pacho\/2023\/03\/28\/dia-del-genero-aquileista-2023\/genero-10\/'><img loading=\"lazy\" decoding=\"async\" width=\"169\" height=\"300\" src=\"https:\/\/aquileoparra.com\/pacho\/wp-content\/uploads\/2023\/03\/genero-10-169x300.jpeg\" class=\"attachment-medium size-medium\" alt=\"\" srcset=\"https:\/\/aquileoparra.com\/pacho\/wp-content\/uploads\/2023\/03\/genero-10-169x300.jpeg 169w, https:\/\/aquileoparra.com\/pacho\/wp-content\/uploads\/2023\/03\/genero-10-576x1024.jpeg 576w, https:\/\/aquileoparra.com\/pacho\/wp-content\/uploads\/2023\/03\/genero-10-768x1365.jpeg 768w, https:\/\/aquileoparra.com\/pacho\/wp-content\/uploads\/2023\/03\/genero-10-864x1536.jpeg 864w, https:\/\/aquileoparra.com\/pacho\/wp-content\/uploads\/2023\/03\/genero-10.jpeg 900w\" sizes=\"auto, (max-width: 169px) 100vw, 169px\" \/><\/a>\n\t\t\t<\/div><\/figure><figure class='gallery-item'>\n\t\t\t<div class='gallery-icon landscape'>\n\t\t\t\t<a href='https:\/\/aquileoparra.com\/pacho\/2023\/03\/28\/dia-del-genero-aquileista-2023\/genero-11\/'><img loading=\"lazy\" decoding=\"async\" width=\"300\" height=\"169\" src=\"https:\/\/aquileoparra.com\/pacho\/wp-content\/uploads\/2023\/03\/genero-11-300x169.jpeg\" class=\"attachment-medium size-medium\" alt=\"\" srcset=\"https:\/\/aquileoparra.com\/pacho\/wp-content\/uploads\/2023\/03\/genero-11-300x169.jpeg 300w, https:\/\/aquileoparra.com\/pacho\/wp-content\/uploads\/2023\/03\/genero-11-1024x576.jpeg 1024w, https:\/\/aquileoparra.com\/pacho\/wp-content\/uploads\/2023\/03\/genero-11-768x432.jpeg 768w, https:\/\/aquileoparra.com\/pacho\/wp-content\/uploads\/2023\/03\/genero-11-678x381.jpeg 678w, https:\/\/aquileoparra.com\/pacho\/wp-content\/uploads\/2023\/03\/genero-11.jpeg 1080w\" sizes=\"auto, (max-width: 300px) 100vw, 300px\" \/><\/a>\n\t\t\t<\/div><\/figure><figure class='gallery-item'>\n\t\t\t<div class='gallery-icon portrait'>\n\t\t\t\t<a href='https:\/\/aquileoparra.com\/pacho\/2023\/03\/28\/dia-del-genero-aquileista-2023\/genero-12\/'><img loading=\"lazy\" decoding=\"async\" width=\"169\" height=\"300\" src=\"https:\/\/aquileoparra.com\/pacho\/wp-content\/uploads\/2023\/03\/genero-12-169x300.jpeg\" class=\"attachment-medium size-medium\" alt=\"\" srcset=\"https:\/\/aquileoparra.com\/pacho\/wp-content\/uploads\/2023\/03\/genero-12-169x300.jpeg 169w, https:\/\/aquileoparra.com\/pacho\/wp-content\/uploads\/2023\/03\/genero-12-576x1024.jpeg 576w, https:\/\/aquileoparra.com\/pacho\/wp-content\/uploads\/2023\/03\/genero-12-768x1365.jpeg 768w, https:\/\/aquileoparra.com\/pacho\/wp-content\/uploads\/2023\/03\/genero-12-864x1536.jpeg 864w, https:\/\/aquileoparra.com\/pacho\/wp-content\/uploads\/2023\/03\/genero-12.jpeg 900w\" sizes=\"auto, (max-width: 169px) 100vw, 169px\" \/><\/a>\n\t\t\t<\/div><\/figure><figure class='gallery-item'>\n\t\t\t<div class='gallery-icon portrait'>\n\t\t\t\t<a href='https:\/\/aquileoparra.com\/pacho\/2023\/03\/28\/dia-del-genero-aquileista-2023\/genero-13\/'><img loading=\"lazy\" decoding=\"async\" width=\"169\" height=\"300\" src=\"https:\/\/aquileoparra.com\/pacho\/wp-content\/uploads\/2023\/03\/genero-13-169x300.jpeg\" class=\"attachment-medium size-medium\" alt=\"\" srcset=\"https:\/\/aquileoparra.com\/pacho\/wp-content\/uploads\/2023\/03\/genero-13-169x300.jpeg 169w, https:\/\/aquileoparra.com\/pacho\/wp-content\/uploads\/2023\/03\/genero-13.jpeg 540w\" sizes=\"auto, (max-width: 169px) 100vw, 169px\" \/><\/a>\n\t\t\t<\/div><\/figure><figure class='gallery-item'>\n\t\t\t<div class='gallery-icon landscape'>\n\t\t\t\t<a href='https:\/\/aquileoparra.com\/pacho\/2023\/03\/28\/dia-del-genero-aquileista-2023\/genero-14\/'><img loading=\"lazy\" decoding=\"async\" width=\"300\" height=\"225\" src=\"https:\/\/aquileoparra.com\/pacho\/wp-content\/uploads\/2023\/03\/genero-14-300x225.jpeg\" class=\"attachment-medium size-medium\" alt=\"\" srcset=\"https:\/\/aquileoparra.com\/pacho\/wp-content\/uploads\/2023\/03\/genero-14-300x225.jpeg 300w, https:\/\/aquileoparra.com\/pacho\/wp-content\/uploads\/2023\/03\/genero-14-1024x768.jpeg 1024w, https:\/\/aquileoparra.com\/pacho\/wp-content\/uploads\/2023\/03\/genero-14-768x576.jpeg 768w, https:\/\/aquileoparra.com\/pacho\/wp-content\/uploads\/2023\/03\/genero-14-678x509.jpeg 678w, https:\/\/aquileoparra.com\/pacho\/wp-content\/uploads\/2023\/03\/genero-14-326x245.jpeg 326w, https:\/\/aquileoparra.com\/pacho\/wp-content\/uploads\/2023\/03\/genero-14-80x60.jpeg 80w, https:\/\/aquileoparra.com\/pacho\/wp-content\/uploads\/2023\/03\/genero-14.jpeg 1080w\" sizes=\"auto, (max-width: 300px) 100vw, 300px\" \/><\/a>\n\t\t\t<\/div><\/figure><figure class='gallery-item'>\n\t\t\t<div class='gallery-icon landscape'>\n\t\t\t\t<a href='https:\/\/aquileoparra.com\/pacho\/2023\/03\/28\/dia-del-genero-aquileista-2023\/genero-15\/'><img loading=\"lazy\" decoding=\"async\" width=\"300\" height=\"169\" src=\"https:\/\/aquileoparra.com\/pacho\/wp-content\/uploads\/2023\/03\/genero-15-300x169.jpeg\" class=\"attachment-medium size-medium\" alt=\"\" srcset=\"https:\/\/aquileoparra.com\/pacho\/wp-content\/uploads\/2023\/03\/genero-15-300x169.jpeg 300w, https:\/\/aquileoparra.com\/pacho\/wp-content\/uploads\/2023\/03\/genero-15-1024x576.jpeg 1024w, https:\/\/aquileoparra.com\/pacho\/wp-content\/uploads\/2023\/03\/genero-15-768x432.jpeg 768w, https:\/\/aquileoparra.com\/pacho\/wp-content\/uploads\/2023\/03\/genero-15-678x381.jpeg 678w, https:\/\/aquileoparra.com\/pacho\/wp-content\/uploads\/2023\/03\/genero-15.jpeg 1080w\" sizes=\"auto, (max-width: 300px) 100vw, 300px\" \/><\/a>\n\t\t\t<\/div><\/figure><figure class='gallery-item'>\n\t\t\t<div class='gallery-icon portrait'>\n\t\t\t\t<a href='https:\/\/aquileoparra.com\/pacho\/2023\/03\/28\/dia-del-genero-aquileista-2023\/genero-16\/'><img loading=\"lazy\" decoding=\"async\" width=\"169\" height=\"300\" src=\"https:\/\/aquileoparra.com\/pacho\/wp-content\/uploads\/2023\/03\/genero-16-169x300.jpeg\" class=\"attachment-medium size-medium\" alt=\"\" srcset=\"https:\/\/aquileoparra.com\/pacho\/wp-content\/uploads\/2023\/03\/genero-16-169x300.jpeg 169w, https:\/\/aquileoparra.com\/pacho\/wp-content\/uploads\/2023\/03\/genero-16-576x1024.jpeg 576w, https:\/\/aquileoparra.com\/pacho\/wp-content\/uploads\/2023\/03\/genero-16-768x1365.jpeg 768w, https:\/\/aquileoparra.com\/pacho\/wp-content\/uploads\/2023\/03\/genero-16-864x1536.jpeg 864w, https:\/\/aquileoparra.com\/pacho\/wp-content\/uploads\/2023\/03\/genero-16.jpeg 900w\" sizes=\"auto, (max-width: 169px) 100vw, 169px\" \/><\/a>\n\t\t\t<\/div><\/figure><figure class='gallery-item'>\n\t\t\t<div class='gallery-icon portrait'>\n\t\t\t\t<a href='https:\/\/aquileoparra.com\/pacho\/2023\/03\/28\/dia-del-genero-aquileista-2023\/genero-17\/'><img loading=\"lazy\" decoding=\"async\" width=\"169\" height=\"300\" src=\"https:\/\/aquileoparra.com\/pacho\/wp-content\/uploads\/2023\/03\/genero-17-169x300.jpeg\" class=\"attachment-medium size-medium\" alt=\"\" srcset=\"https:\/\/aquileoparra.com\/pacho\/wp-content\/uploads\/2023\/03\/genero-17-169x300.jpeg 169w, https:\/\/aquileoparra.com\/pacho\/wp-content\/uploads\/2023\/03\/genero-17-576x1024.jpeg 576w, https:\/\/aquileoparra.com\/pacho\/wp-content\/uploads\/2023\/03\/genero-17-768x1365.jpeg 768w, https:\/\/aquileoparra.com\/pacho\/wp-content\/uploads\/2023\/03\/genero-17-864x1536.jpeg 864w, https:\/\/aquileoparra.com\/pacho\/wp-content\/uploads\/2023\/03\/genero-17.jpeg 900w\" sizes=\"auto, (max-width: 169px) 100vw, 169px\" \/><\/a>\n\t\t\t<\/div><\/figure><figure class='gallery-item'>\n\t\t\t<div class='gallery-icon landscape'>\n\t\t\t\t<a href='https:\/\/aquileoparra.com\/pacho\/2023\/03\/28\/dia-del-genero-aquileista-2023\/genero-18\/'><img loading=\"lazy\" decoding=\"async\" width=\"300\" height=\"169\" src=\"https:\/\/aquileoparra.com\/pacho\/wp-content\/uploads\/2023\/03\/genero-18-300x169.jpeg\" class=\"attachment-medium size-medium\" alt=\"\" srcset=\"https:\/\/aquileoparra.com\/pacho\/wp-content\/uploads\/2023\/03\/genero-18-300x169.jpeg 300w, https:\/\/aquileoparra.com\/pacho\/wp-content\/uploads\/2023\/03\/genero-18-1024x576.jpeg 1024w, https:\/\/aquileoparra.com\/pacho\/wp-content\/uploads\/2023\/03\/genero-18-768x432.jpeg 768w, https:\/\/aquileoparra.com\/pacho\/wp-content\/uploads\/2023\/03\/genero-18-678x381.jpeg 678w, https:\/\/aquileoparra.com\/pacho\/wp-content\/uploads\/2023\/03\/genero-18.jpeg 1080w\" sizes=\"auto, (max-width: 300px) 100vw, 300px\" \/><\/a>\n\t\t\t<\/div><\/figure><figure class='gallery-item'>\n\t\t\t<div class='gallery-icon portrait'>\n\t\t\t\t<a href='https:\/\/aquileoparra.com\/pacho\/2023\/03\/28\/dia-del-genero-aquileista-2023\/genero-19\/'><img loading=\"lazy\" decoding=\"async\" width=\"169\" height=\"300\" src=\"https:\/\/aquileoparra.com\/pacho\/wp-content\/uploads\/2023\/03\/genero-19-169x300.jpeg\" class=\"attachment-medium size-medium\" alt=\"\" srcset=\"https:\/\/aquileoparra.com\/pacho\/wp-content\/uploads\/2023\/03\/genero-19-169x300.jpeg 169w, https:\/\/aquileoparra.com\/pacho\/wp-content\/uploads\/2023\/03\/genero-19-576x1024.jpeg 576w, https:\/\/aquileoparra.com\/pacho\/wp-content\/uploads\/2023\/03\/genero-19-768x1365.jpeg 768w, https:\/\/aquileoparra.com\/pacho\/wp-content\/uploads\/2023\/03\/genero-19-864x1536.jpeg 864w, https:\/\/aquileoparra.com\/pacho\/wp-content\/uploads\/2023\/03\/genero-19.jpeg 900w\" sizes=\"auto, (max-width: 169px) 100vw, 169px\" \/><\/a>\n\t\t\t<\/div><\/figure><figure class='gallery-item'>\n\t\t\t<div class='gallery-icon portrait'>\n\t\t\t\t<a href='https:\/\/aquileoparra.com\/pacho\/2023\/03\/28\/dia-del-genero-aquileista-2023\/genero-21\/'><img loading=\"lazy\" decoding=\"async\" width=\"169\" height=\"300\" src=\"https:\/\/aquileoparra.com\/pacho\/wp-content\/uploads\/2023\/03\/genero-21-169x300.jpeg\" class=\"attachment-medium size-medium\" alt=\"\" srcset=\"https:\/\/aquileoparra.com\/pacho\/wp-content\/uploads\/2023\/03\/genero-21-169x300.jpeg 169w, https:\/\/aquileoparra.com\/pacho\/wp-content\/uploads\/2023\/03\/genero-21-576x1024.jpeg 576w, https:\/\/aquileoparra.com\/pacho\/wp-content\/uploads\/2023\/03\/genero-21-768x1365.jpeg 768w, https:\/\/aquileoparra.com\/pacho\/wp-content\/uploads\/2023\/03\/genero-21-864x1536.jpeg 864w, https:\/\/aquileoparra.com\/pacho\/wp-content\/uploads\/2023\/03\/genero-21.jpeg 900w\" sizes=\"auto, (max-width: 169px) 100vw, 169px\" \/><\/a>\n\t\t\t<\/div><\/figure><figure class='gallery-item'>\n\t\t\t<div class='gallery-icon portrait'>\n\t\t\t\t<a href='https:\/\/aquileoparra.com\/pacho\/2023\/03\/28\/dia-del-genero-aquileista-2023\/genero-22\/'><img loading=\"lazy\" decoding=\"async\" width=\"169\" height=\"300\" src=\"https:\/\/aquileoparra.com\/pacho\/wp-content\/uploads\/2023\/03\/genero-22-169x300.jpeg\" class=\"attachment-medium size-medium\" alt=\"\" srcset=\"https:\/\/aquileoparra.com\/pacho\/wp-content\/uploads\/2023\/03\/genero-22-169x300.jpeg 169w, https:\/\/aquileoparra.com\/pacho\/wp-content\/uploads\/2023\/03\/genero-22-576x1024.jpeg 576w, https:\/\/aquileoparra.com\/pacho\/wp-content\/uploads\/2023\/03\/genero-22-768x1365.jpeg 768w, https:\/\/aquileoparra.com\/pacho\/wp-content\/uploads\/2023\/03\/genero-22-864x1536.jpeg 864w, https:\/\/aquileoparra.com\/pacho\/wp-content\/uploads\/2023\/03\/genero-22.jpeg 900w\" sizes=\"auto, (max-width: 169px) 100vw, 169px\" \/><\/a>\n\t\t\t<\/div><\/figure><figure class='gallery-item'>\n\t\t\t<div class='gallery-icon portrait'>\n\t\t\t\t<a href='https:\/\/aquileoparra.com\/pacho\/2023\/03\/28\/dia-del-genero-aquileista-2023\/genero-23\/'><img loading=\"lazy\" decoding=\"async\" width=\"169\" height=\"300\" src=\"https:\/\/aquileoparra.com\/pacho\/wp-content\/uploads\/2023\/03\/genero-23-169x300.jpeg\" class=\"attachment-medium size-medium\" alt=\"\" srcset=\"https:\/\/aquileoparra.com\/pacho\/wp-content\/uploads\/2023\/03\/genero-23-169x300.jpeg 169w, https:\/\/aquileoparra.com\/pacho\/wp-content\/uploads\/2023\/03\/genero-23-576x1024.jpeg 576w, https:\/\/aquileoparra.com\/pacho\/wp-content\/uploads\/2023\/03\/genero-23-768x1365.jpeg 768w, https:\/\/aquileoparra.com\/pacho\/wp-content\/uploads\/2023\/03\/genero-23-864x1536.jpeg 864w, https:\/\/aquileoparra.com\/pacho\/wp-content\/uploads\/2023\/03\/genero-23.jpeg 900w\" sizes=\"auto, (max-width: 169px) 100vw, 169px\" \/><\/a>\n\t\t\t<\/div><\/figure><figure class='gallery-item'>\n\t\t\t<div class='gallery-icon landscape'>\n\t\t\t\t<a href='https:\/\/aquileoparra.com\/pacho\/2023\/03\/28\/dia-del-genero-aquileista-2023\/genero-24\/'><img loading=\"lazy\" decoding=\"async\" width=\"300\" height=\"169\" src=\"https:\/\/aquileoparra.com\/pacho\/wp-content\/uploads\/2023\/03\/genero-24-300x169.jpeg\" class=\"attachment-medium size-medium\" alt=\"\" srcset=\"https:\/\/aquileoparra.com\/pacho\/wp-content\/uploads\/2023\/03\/genero-24-300x169.jpeg 300w, https:\/\/aquileoparra.com\/pacho\/wp-content\/uploads\/2023\/03\/genero-24-1024x576.jpeg 1024w, https:\/\/aquileoparra.com\/pacho\/wp-content\/uploads\/2023\/03\/genero-24-768x432.jpeg 768w, https:\/\/aquileoparra.com\/pacho\/wp-content\/uploads\/2023\/03\/genero-24-1536x864.jpeg 1536w, https:\/\/aquileoparra.com\/pacho\/wp-content\/uploads\/2023\/03\/genero-24-678x381.jpeg 678w, https:\/\/aquileoparra.com\/pacho\/wp-content\/uploads\/2023\/03\/genero-24.jpeg 1600w\" sizes=\"auto, (max-width: 300px) 100vw, 300px\" \/><\/a>\n\t\t\t<\/div><\/figure><figure class='gallery-item'>\n\t\t\t<div class='gallery-icon landscape'>\n\t\t\t\t<a href='https:\/\/aquileoparra.com\/pacho\/2023\/03\/28\/dia-del-genero-aquileista-2023\/genero-26\/'><img loading=\"lazy\" decoding=\"async\" width=\"300\" height=\"169\" src=\"https:\/\/aquileoparra.com\/pacho\/wp-content\/uploads\/2023\/03\/genero-26-300x169.jpeg\" class=\"attachment-medium size-medium\" alt=\"\" srcset=\"https:\/\/aquileoparra.com\/pacho\/wp-content\/uploads\/2023\/03\/genero-26-300x169.jpeg 300w, https:\/\/aquileoparra.com\/pacho\/wp-content\/uploads\/2023\/03\/genero-26-1024x576.jpeg 1024w, https:\/\/aquileoparra.com\/pacho\/wp-content\/uploads\/2023\/03\/genero-26-768x432.jpeg 768w, https:\/\/aquileoparra.com\/pacho\/wp-content\/uploads\/2023\/03\/genero-26-1536x864.jpeg 1536w, https:\/\/aquileoparra.com\/pacho\/wp-content\/uploads\/2023\/03\/genero-26-678x381.jpeg 678w, https:\/\/aquileoparra.com\/pacho\/wp-content\/uploads\/2023\/03\/genero-26.jpeg 1600w\" sizes=\"auto, (max-width: 300px) 100vw, 300px\" \/><\/a>\n\t\t\t<\/div><\/figure><figure class='gallery-item'>\n\t\t\t<div class='gallery-icon landscape'>\n\t\t\t\t<a href='https:\/\/aquileoparra.com\/pacho\/2023\/03\/28\/dia-del-genero-aquileista-2023\/genero-27\/'><img loading=\"lazy\" decoding=\"async\" width=\"300\" height=\"169\" src=\"https:\/\/aquileoparra.com\/pacho\/wp-content\/uploads\/2023\/03\/genero-27-300x169.jpeg\" class=\"attachment-medium size-medium\" alt=\"\" srcset=\"https:\/\/aquileoparra.com\/pacho\/wp-content\/uploads\/2023\/03\/genero-27-300x169.jpeg 300w, https:\/\/aquileoparra.com\/pacho\/wp-content\/uploads\/2023\/03\/genero-27-1024x576.jpeg 1024w, https:\/\/aquileoparra.com\/pacho\/wp-content\/uploads\/2023\/03\/genero-27-768x432.jpeg 768w, https:\/\/aquileoparra.com\/pacho\/wp-content\/uploads\/2023\/03\/genero-27-1536x864.jpeg 1536w, https:\/\/aquileoparra.com\/pacho\/wp-content\/uploads\/2023\/03\/genero-27-678x381.jpeg 678w, https:\/\/aquileoparra.com\/pacho\/wp-content\/uploads\/2023\/03\/genero-27.jpeg 1600w\" sizes=\"auto, (max-width: 300px) 100vw, 300px\" \/><\/a>\n\t\t\t<\/div><\/figure><figure class='gallery-item'>\n\t\t\t<div class='gallery-icon landscape'>\n\t\t\t\t<a href='https:\/\/aquileoparra.com\/pacho\/2023\/03\/28\/dia-del-genero-aquileista-2023\/genero-28\/'><img loading=\"lazy\" decoding=\"async\" width=\"300\" height=\"169\" src=\"https:\/\/aquileoparra.com\/pacho\/wp-content\/uploads\/2023\/03\/genero-28-300x169.jpeg\" class=\"attachment-medium size-medium\" alt=\"\" srcset=\"https:\/\/aquileoparra.com\/pacho\/wp-content\/uploads\/2023\/03\/genero-28-300x169.jpeg 300w, https:\/\/aquileoparra.com\/pacho\/wp-content\/uploads\/2023\/03\/genero-28-1024x576.jpeg 1024w, https:\/\/aquileoparra.com\/pacho\/wp-content\/uploads\/2023\/03\/genero-28-768x432.jpeg 768w, https:\/\/aquileoparra.com\/pacho\/wp-content\/uploads\/2023\/03\/genero-28-1536x864.jpeg 1536w, https:\/\/aquileoparra.com\/pacho\/wp-content\/uploads\/2023\/03\/genero-28-678x381.jpeg 678w, https:\/\/aquileoparra.com\/pacho\/wp-content\/uploads\/2023\/03\/genero-28.jpeg 1600w\" sizes=\"auto, (max-width: 300px) 100vw, 300px\" \/><\/a>\n\t\t\t<\/div><\/figure><figure class='gallery-item'>\n\t\t\t<div class='gallery-icon landscape'>\n\t\t\t\t<a href='https:\/\/aquileoparra.com\/pacho\/2023\/03\/28\/dia-del-genero-aquileista-2023\/genero-29\/'><img loading=\"lazy\" decoding=\"async\" width=\"300\" height=\"169\" src=\"https:\/\/aquileoparra.com\/pacho\/wp-content\/uploads\/2023\/03\/genero-29-300x169.jpeg\" class=\"attachment-medium size-medium\" alt=\"\" srcset=\"https:\/\/aquileoparra.com\/pacho\/wp-content\/uploads\/2023\/03\/genero-29-300x169.jpeg 300w, https:\/\/aquileoparra.com\/pacho\/wp-content\/uploads\/2023\/03\/genero-29-1024x576.jpeg 1024w, https:\/\/aquileoparra.com\/pacho\/wp-content\/uploads\/2023\/03\/genero-29-768x432.jpeg 768w, https:\/\/aquileoparra.com\/pacho\/wp-content\/uploads\/2023\/03\/genero-29-1536x864.jpeg 1536w, https:\/\/aquileoparra.com\/pacho\/wp-content\/uploads\/2023\/03\/genero-29-678x381.jpeg 678w, https:\/\/aquileoparra.com\/pacho\/wp-content\/uploads\/2023\/03\/genero-29.jpeg 1600w\" sizes=\"auto, (max-width: 300px) 100vw, 300px\" \/><\/a>\n\t\t\t<\/div><\/figure>\n\t\t<\/div>\n\n<p>&nbsp;<\/p>\n<ul>\n<li><\/li>\n<\/ul>\n<p><em>\u00a0\u00a0\u00a0\u00a0 Terminada la jornada escolar, los docentes participaron de un almuerzo en el restaurante \u201cDiego Pacho\u201d acompa\u00f1ado de m\u00fasica, canto \u00a0y de entrega de obsequios como un reconocimiento a la labor del hombre y la mujer y su papel como educadores en la instituci\u00f3n fomentando la diversidad e\u00a0 identidad y promoviendo la igualdad de g\u00e9nero.<\/em><\/p>\n","protected":false},"excerpt":{"rendered":"<div class=\"mh-excerpt\"><p>CELEBRACION DIA DEL GENERO 2023 \u201cUn hombre s\u00f3lo tiene derecho a mirar a otro hacia abajo, cuando a de ayudarle a levantarse\u201d \u00a0\u00a0\u00a0\u00a0\u00a0\u00a0\u00a0\u00a0\u00a0\u00a0\u00a0\u00a0\u00a0\u00a0\u00a0\u00a0\u00a0\u00a0\u00a0\u00a0\u00a0\u00a0\u00a0\u00a0\u00a0\u00a0\u00a0\u00a0\u00a0\u00a0\u00a0\u00a0\u00a0\u00a0\u00a0\u00a0\u00a0\u00a0\u00a0\u00a0\u00a0\u00a0\u00a0\u00a0\u00a0\u00a0\u00a0\u00a0\u00a0\u00a0\u00a0\u00a0\u00a0\u00a0\u00a0\u00a0\u00a0\u00a0\u00a0\u00a0\u00a0\u00a0\u00a0\u00a0\u00a0\u00a0\u00a0\u00a0\u00a0\u00a0\u00a0\u00a0\u00a0\u00a0\u00a0\u00a0\u00a0\u00a0\u00a0\u00a0\u00a0\u00a0\u00a0\u00a0\u00a0\u00a0 Gabriel Garc\u00eda <a class=\"mh-excerpt-more\" href=\"https:\/\/aquileoparra.com\/pacho\/2023\/03\/28\/dia-del-genero-aquileista-2023\/\" title=\"DIA DEL GENERO AQUILEISTA 2023\">[&#8230;]<\/a><\/p>\n<\/div>","protected":false},"author":1,"featured_media":3398,"comment_status":"open","ping_status":"open","sticky":false,"template":"","format":"standard","meta":{"footnotes":""},"categories":[1],"tags":[],"class_list":["post-3373","post","type-post","status-publish","format-standard","has-post-thumbnail","hentry","category-uncategorized"],"_links":{"self":[{"href":"https:\/\/aquileoparra.com\/pacho\/wp-json\/wp\/v2\/posts\/3373","targetHints":{"allow":["GET"]}}],"collection":[{"href":"https:\/\/aquileoparra.com\/pacho\/wp-json\/wp\/v2\/posts"}],"about":[{"href":"https:\/\/aquileoparra.com\/pacho\/wp-json\/wp\/v2\/types\/post"}],"author":[{"embeddable":true,"href":"https:\/\/aquileoparra.com\/pacho\/wp-json\/wp\/v2\/users\/1"}],"replies":[{"embeddable":true,"href":"https:\/\/aquileoparra.com\/pacho\/wp-json\/wp\/v2\/comments?post=3373"}],"version-history":[{"count":5,"href":"https:\/\/aquileoparra.com\/pacho\/wp-json\/wp\/v2\/posts\/3373\/revisions"}],"predecessor-version":[{"id":3402,"href":"https:\/\/aquileoparra.com\/pacho\/wp-json\/wp\/v2\/posts\/3373\/revisions\/3402"}],"wp:featuredmedia":[{"embeddable":true,"href":"https:\/\/aquileoparra.com\/pacho\/wp-json\/wp\/v2\/media\/3398"}],"wp:attachment":[{"href":"https:\/\/aquileoparra.com\/pacho\/wp-json\/wp\/v2\/media?parent=3373"}],"wp:term":[{"taxonomy":"category","embeddable":true,"href":"https:\/\/aquileoparra.com\/pacho\/wp-json\/wp\/v2\/categories?post=3373"},{"taxonomy":"post_tag","embeddable":true,"href":"https:\/\/aquileoparra.com\/pacho\/wp-json\/wp\/v2\/tags?post=3373"}],"curies":[{"name":"wp","href":"https:\/\/api.w.org\/{rel}","templated":true}]}}