{"id":3464,"date":"2023-05-18T00:54:11","date_gmt":"2023-05-18T00:54:11","guid":{"rendered":"https:\/\/aquileoparra.com\/pacho\/?p=3464"},"modified":"2023-05-18T01:58:17","modified_gmt":"2023-05-18T01:58:17","slug":"talentos-excepcionales-2023","status":"publish","type":"post","link":"https:\/\/aquileoparra.com\/pacho\/2023\/05\/18\/talentos-excepcionales-2023\/","title":{"rendered":"TALENTOS EXCEPCIONALES 2023"},"content":{"rendered":"<p style=\"text-align: center;\"><strong>TALENTOS EXCEPCIONALES SE DESTACAN EN LA I.E.D. AQUILEO PARRA.<\/strong><\/p>\n<p>&nbsp;<\/p>\n<p><strong><em>\u201cTu talento determina lo que puedes hacer, t\u00fa motivaci\u00f3n determina cu\u00e1nto estas dispuesto a hacer, y tu actitud determina cu\u00e1n bien lo har\u00e1s\u201d.<\/em><\/strong><\/p>\n<p><strong><em>\u00a0\u00a0\u00a0\u00a0\u00a0\u00a0\u00a0\u00a0\u00a0\u00a0\u00a0\u00a0\u00a0\u00a0\u00a0\u00a0\u00a0\u00a0\u00a0\u00a0\u00a0\u00a0\u00a0\u00a0\u00a0\u00a0\u00a0\u00a0\u00a0\u00a0\u00a0\u00a0\u00a0\u00a0\u00a0\u00a0\u00a0\u00a0\u00a0\u00a0\u00a0\u00a0\u00a0\u00a0\u00a0\u00a0\u00a0\u00a0 \u00a0\u00a0\u00a0\u00a0\u00a0\u00a0\u00a0\u00a0\u00a0\u00a0\u00a0\u00a0\u00a0\u00a0\u00a0\u00a0\u00a0\u00a0\u00a0\u00a0\u00a0\u00a0\u00a0\u00a0\u00a0\u00a0\u00a0\u00a0\u00a0\u00a0\u00a0\u00a0\u00a0\u00a0\u00a0\u00a0\u00a0\u00a0\u00a0\u00a0\u00a0\u00a0\u00a0\u00a0\u00a0\u00a0\u00a0\u00a0\u00a0\u00a0\u00a0\u00a0\u00a0\u00a0\u00a0Lou Holtz<\/em><\/strong><\/p>\n<p>Desde el a\u00f1o 2010 la Fundaci\u00f3n Alquer\u00eda Cavalier ha trabajado en conjunto con la Secretaria de Educaci\u00f3n en la consolidaci\u00f3n del programa Talentos excepcionales el cual facilita a los j\u00f3venes cundinamarqueses de las instituciones educativas oficiales el acceso, la permanencia y culminaci\u00f3n de la educaci\u00f3n superior en las mejores universidades de Colombia. Es as\u00ed que la instituci\u00f3n\u00a0 \u00a0\u00a0postul\u00f3 a los estudiantes: \u00c1lvarez Navas Juan David, Mart\u00ednez Espinosa Mar\u00eda Fernanda, Gonz\u00e1lez Rodr\u00edguez Laura Jimena y Cortes Le\u00f3n Dana del grado decimo quienes demostraron un buen nivel acad\u00e9mico en los dos a\u00f1os anteriores (0ctavo y noveno) uno de los criterios de selecci\u00f3n para acceder al programa. Al final La estudiante preseleccionada fue Gonz\u00e1lez Rodr\u00edguez Mar\u00eda Jimena del grado 102 quien obtuvo un excelente desempe\u00f1o en la prueba final, por lo tanto, continuara con el proceso de formaci\u00f3n acad\u00e9mica para potenciar sus conocimientos y competencias en las \u00e1reas b\u00e1sicas. Felicitaciones a los estudiantes que cumplieron con los criterios iniciales de selecci\u00f3n y a quien continuara consolidando su proyecto de vida de la mano de esta fundaci\u00f3n.<\/p>\n","protected":false},"excerpt":{"rendered":"<div class=\"mh-excerpt\"><p>TALENTOS EXCEPCIONALES SE DESTACAN EN LA I.E.D. AQUILEO PARRA. &nbsp; \u201cTu talento determina lo que puedes hacer, t\u00fa motivaci\u00f3n determina cu\u00e1nto estas dispuesto a hacer, <a class=\"mh-excerpt-more\" href=\"https:\/\/aquileoparra.com\/pacho\/2023\/05\/18\/talentos-excepcionales-2023\/\" title=\"TALENTOS EXCEPCIONALES 2023\">[&#8230;]<\/a><\/p>\n<\/div>","protected":false},"author":1,"featured_media":3480,"comment_status":"open","ping_status":"open","sticky":false,"template":"","format":"standard","meta":{"footnotes":""},"categories":[1],"tags":[],"class_list":["post-3464","post","type-post","status-publish","format-standard","has-post-thumbnail","hentry","category-uncategorized"],"_links":{"self":[{"href":"https:\/\/aquileoparra.com\/pacho\/wp-json\/wp\/v2\/posts\/3464","targetHints":{"allow":["GET"]}}],"collection":[{"href":"https:\/\/aquileoparra.com\/pacho\/wp-json\/wp\/v2\/posts"}],"about":[{"href":"https:\/\/aquileoparra.com\/pacho\/wp-json\/wp\/v2\/types\/post"}],"author":[{"embeddable":true,"href":"https:\/\/aquileoparra.com\/pacho\/wp-json\/wp\/v2\/users\/1"}],"replies":[{"embeddable":true,"href":"https:\/\/aquileoparra.com\/pacho\/wp-json\/wp\/v2\/comments?post=3464"}],"version-history":[{"count":8,"href":"https:\/\/aquileoparra.com\/pacho\/wp-json\/wp\/v2\/posts\/3464\/revisions"}],"predecessor-version":[{"id":3482,"href":"https:\/\/aquileoparra.com\/pacho\/wp-json\/wp\/v2\/posts\/3464\/revisions\/3482"}],"wp:featuredmedia":[{"embeddable":true,"href":"https:\/\/aquileoparra.com\/pacho\/wp-json\/wp\/v2\/media\/3480"}],"wp:attachment":[{"href":"https:\/\/aquileoparra.com\/pacho\/wp-json\/wp\/v2\/media?parent=3464"}],"wp:term":[{"taxonomy":"category","embeddable":true,"href":"https:\/\/aquileoparra.com\/pacho\/wp-json\/wp\/v2\/categories?post=3464"},{"taxonomy":"post_tag","embeddable":true,"href":"https:\/\/aquileoparra.com\/pacho\/wp-json\/wp\/v2\/tags?post=3464"}],"curies":[{"name":"wp","href":"https:\/\/api.w.org\/{rel}","templated":true}]}}