{"id":3593,"date":"2023-08-06T00:01:37","date_gmt":"2023-08-06T00:01:37","guid":{"rendered":"https:\/\/aquileoparra.com\/pacho\/?p=3593"},"modified":"2023-08-06T00:03:48","modified_gmt":"2023-08-06T00:03:48","slug":"feria-de-la-ciencia-2023","status":"publish","type":"post","link":"https:\/\/aquileoparra.com\/pacho\/2023\/08\/06\/feria-de-la-ciencia-2023\/","title":{"rendered":"FERIA DE LA CIENCIA 2023"},"content":{"rendered":"<p>El 19 de julio del presente a\u00f1o con el liderazgo de los Docentes del \u00e1rea de ciencias naturales, el acompa\u00f1amiento de los directores de curso y estudiantes se realiz\u00f3 el d\u00eda de la ciencia, evento que se desarroll\u00f3 en la sede principal.<\/p>\n<p>La actividad que ten\u00eda como objetivo generar espacios de creatividad y aprendizaje a partir de actividades como: dise\u00f1o de trajes y presentaci\u00f3n de proyectos que se articulan desde las ciencias naturales y sus diversas asignaturas integrando a los educandos para tal prop\u00f3sito.<\/p>\n<p>El evento se desarroll\u00f3 con los siguientes aspectos:<\/p>\n<p>Actos protocolarios que incluyeron oraci\u00f3n y reflexi\u00f3n, izada de bandera e himnos, donde se destacaron los educandos con mejor resultado en las pruebas saber de ciencias naturales, reconocimiento a quienes se destacan por su aporte al crecimiento institucional: personal de servicios generales; las se\u00f1oras Sandra, Blanca y Noelia. Quienes se destacan por su labor en pro de la cultura ambiental y al docente Samuel Hern\u00e1ndez por su labor y aporte institucional. Seguido a ello se da la apertura al evento con las palabras del se\u00f1or rector Luis Henrique Pach\u00f3n S\u00e1nchez.<\/p>\n<p>Luego de los actos protocolarios se realiza el fashion ecol\u00f3gico contando con la participaci\u00f3n de los educandos de los diferentes grados que hay en el colegio, teniendo dos categor\u00edas como fueron: de grados sextos a octavos y de grados novenos a und\u00e9cimos. Presentando dise\u00f1os de trajes ecol\u00f3gicos elaboraros por los educandos con materiales reutilizables desatacando la creatividad y el gran trabajo presentado por los diferentes participantes en cada categor\u00eda.<\/p>\n<p>Luego de la presentaci\u00f3n de cada categor\u00eda se realizan actos culturales como fue canto y danza a cargo de los grados decimos y apoyados por el docente Samuel Hern\u00e1ndez. Finalizado el fashion ecol\u00f3gico se procede a efectuar el recorrido en las diferentes aulas (ocho espacios ) donde se destacaron el sal\u00f3n de biodiversidad , juegos y laboratorio entre otros, donde se mostraron diferentes proyectos realizados por los educandos de los\u00a0 grados octavos , novenos decimos y und\u00e9cimo.<\/p>\n<hr \/>\n<p>&nbsp;<\/p>\n<div id='gallery-1' class='gallery galleryid-3593 gallery-columns-3 gallery-size-medium'><figure class='gallery-item'>\n\t\t\t<div class='gallery-icon landscape'>\n\t\t\t\t<a href='https:\/\/aquileoparra.com\/pacho\/2023\/08\/06\/feria-de-la-ciencia-2023\/feria-2\/'><img loading=\"lazy\" decoding=\"async\" width=\"300\" height=\"169\" src=\"https:\/\/aquileoparra.com\/pacho\/wp-content\/uploads\/2023\/08\/FERIA-2-300x169.jpeg\" class=\"attachment-medium size-medium\" alt=\"\" srcset=\"https:\/\/aquileoparra.com\/pacho\/wp-content\/uploads\/2023\/08\/FERIA-2-300x169.jpeg 300w, https:\/\/aquileoparra.com\/pacho\/wp-content\/uploads\/2023\/08\/FERIA-2-1024x576.jpeg 1024w, https:\/\/aquileoparra.com\/pacho\/wp-content\/uploads\/2023\/08\/FERIA-2-768x432.jpeg 768w, https:\/\/aquileoparra.com\/pacho\/wp-content\/uploads\/2023\/08\/FERIA-2-1536x864.jpeg 1536w, https:\/\/aquileoparra.com\/pacho\/wp-content\/uploads\/2023\/08\/FERIA-2-678x381.jpeg 678w, https:\/\/aquileoparra.com\/pacho\/wp-content\/uploads\/2023\/08\/FERIA-2.jpeg 1600w\" sizes=\"auto, (max-width: 300px) 100vw, 300px\" \/><\/a>\n\t\t\t<\/div><\/figure><figure class='gallery-item'>\n\t\t\t<div class='gallery-icon landscape'>\n\t\t\t\t<a href='https:\/\/aquileoparra.com\/pacho\/2023\/08\/06\/feria-de-la-ciencia-2023\/feria-1\/'><img loading=\"lazy\" decoding=\"async\" width=\"300\" height=\"169\" src=\"https:\/\/aquileoparra.com\/pacho\/wp-content\/uploads\/2023\/08\/FERIA-1-300x169.jpeg\" class=\"attachment-medium size-medium\" alt=\"\" srcset=\"https:\/\/aquileoparra.com\/pacho\/wp-content\/uploads\/2023\/08\/FERIA-1-300x169.jpeg 300w, https:\/\/aquileoparra.com\/pacho\/wp-content\/uploads\/2023\/08\/FERIA-1-1024x576.jpeg 1024w, https:\/\/aquileoparra.com\/pacho\/wp-content\/uploads\/2023\/08\/FERIA-1-768x432.jpeg 768w, https:\/\/aquileoparra.com\/pacho\/wp-content\/uploads\/2023\/08\/FERIA-1-1536x864.jpeg 1536w, https:\/\/aquileoparra.com\/pacho\/wp-content\/uploads\/2023\/08\/FERIA-1-678x381.jpeg 678w, https:\/\/aquileoparra.com\/pacho\/wp-content\/uploads\/2023\/08\/FERIA-1.jpeg 1600w\" sizes=\"auto, (max-width: 300px) 100vw, 300px\" \/><\/a>\n\t\t\t<\/div><\/figure><figure class='gallery-item'>\n\t\t\t<div class='gallery-icon portrait'>\n\t\t\t\t<a href='https:\/\/aquileoparra.com\/pacho\/2023\/08\/06\/feria-de-la-ciencia-2023\/feria-10\/'><img loading=\"lazy\" decoding=\"async\" width=\"169\" height=\"300\" src=\"https:\/\/aquileoparra.com\/pacho\/wp-content\/uploads\/2023\/08\/FERIA-10-169x300.jpeg\" class=\"attachment-medium size-medium\" alt=\"\" srcset=\"https:\/\/aquileoparra.com\/pacho\/wp-content\/uploads\/2023\/08\/FERIA-10-169x300.jpeg 169w, https:\/\/aquileoparra.com\/pacho\/wp-content\/uploads\/2023\/08\/FERIA-10-576x1024.jpeg 576w, https:\/\/aquileoparra.com\/pacho\/wp-content\/uploads\/2023\/08\/FERIA-10-768x1365.jpeg 768w, https:\/\/aquileoparra.com\/pacho\/wp-content\/uploads\/2023\/08\/FERIA-10-864x1536.jpeg 864w, https:\/\/aquileoparra.com\/pacho\/wp-content\/uploads\/2023\/08\/FERIA-10.jpeg 900w\" sizes=\"auto, (max-width: 169px) 100vw, 169px\" \/><\/a>\n\t\t\t<\/div><\/figure><figure class='gallery-item'>\n\t\t\t<div class='gallery-icon landscape'>\n\t\t\t\t<a href='https:\/\/aquileoparra.com\/pacho\/2023\/08\/06\/feria-de-la-ciencia-2023\/feria-5\/'><img loading=\"lazy\" decoding=\"async\" width=\"300\" height=\"169\" src=\"https:\/\/aquileoparra.com\/pacho\/wp-content\/uploads\/2023\/08\/FERIA-5-300x169.jpeg\" class=\"attachment-medium size-medium\" alt=\"\" srcset=\"https:\/\/aquileoparra.com\/pacho\/wp-content\/uploads\/2023\/08\/FERIA-5-300x169.jpeg 300w, https:\/\/aquileoparra.com\/pacho\/wp-content\/uploads\/2023\/08\/FERIA-5-1024x576.jpeg 1024w, https:\/\/aquileoparra.com\/pacho\/wp-content\/uploads\/2023\/08\/FERIA-5-768x432.jpeg 768w, https:\/\/aquileoparra.com\/pacho\/wp-content\/uploads\/2023\/08\/FERIA-5-1536x864.jpeg 1536w, https:\/\/aquileoparra.com\/pacho\/wp-content\/uploads\/2023\/08\/FERIA-5-678x381.jpeg 678w, https:\/\/aquileoparra.com\/pacho\/wp-content\/uploads\/2023\/08\/FERIA-5.jpeg 1600w\" sizes=\"auto, (max-width: 300px) 100vw, 300px\" \/><\/a>\n\t\t\t<\/div><\/figure><figure class='gallery-item'>\n\t\t\t<div class='gallery-icon portrait'>\n\t\t\t\t<a href='https:\/\/aquileoparra.com\/pacho\/2023\/08\/06\/feria-de-la-ciencia-2023\/feria-9\/'><img loading=\"lazy\" decoding=\"async\" width=\"169\" height=\"300\" src=\"https:\/\/aquileoparra.com\/pacho\/wp-content\/uploads\/2023\/08\/FERIA-9-169x300.jpeg\" class=\"attachment-medium size-medium\" alt=\"\" srcset=\"https:\/\/aquileoparra.com\/pacho\/wp-content\/uploads\/2023\/08\/FERIA-9-169x300.jpeg 169w, https:\/\/aquileoparra.com\/pacho\/wp-content\/uploads\/2023\/08\/FERIA-9-576x1024.jpeg 576w, https:\/\/aquileoparra.com\/pacho\/wp-content\/uploads\/2023\/08\/FERIA-9-768x1365.jpeg 768w, https:\/\/aquileoparra.com\/pacho\/wp-content\/uploads\/2023\/08\/FERIA-9-864x1536.jpeg 864w, https:\/\/aquileoparra.com\/pacho\/wp-content\/uploads\/2023\/08\/FERIA-9.jpeg 900w\" sizes=\"auto, (max-width: 169px) 100vw, 169px\" \/><\/a>\n\t\t\t<\/div><\/figure><figure class='gallery-item'>\n\t\t\t<div class='gallery-icon portrait'>\n\t\t\t\t<a href='https:\/\/aquileoparra.com\/pacho\/2023\/08\/06\/feria-de-la-ciencia-2023\/feria-6\/'><img loading=\"lazy\" decoding=\"async\" width=\"169\" height=\"300\" src=\"https:\/\/aquileoparra.com\/pacho\/wp-content\/uploads\/2023\/08\/FERIA-6-169x300.jpeg\" class=\"attachment-medium size-medium\" alt=\"\" srcset=\"https:\/\/aquileoparra.com\/pacho\/wp-content\/uploads\/2023\/08\/FERIA-6-169x300.jpeg 169w, https:\/\/aquileoparra.com\/pacho\/wp-content\/uploads\/2023\/08\/FERIA-6-576x1024.jpeg 576w, https:\/\/aquileoparra.com\/pacho\/wp-content\/uploads\/2023\/08\/FERIA-6-768x1365.jpeg 768w, https:\/\/aquileoparra.com\/pacho\/wp-content\/uploads\/2023\/08\/FERIA-6-864x1536.jpeg 864w, https:\/\/aquileoparra.com\/pacho\/wp-content\/uploads\/2023\/08\/FERIA-6.jpeg 900w\" sizes=\"auto, (max-width: 169px) 100vw, 169px\" \/><\/a>\n\t\t\t<\/div><\/figure><figure class='gallery-item'>\n\t\t\t<div class='gallery-icon portrait'>\n\t\t\t\t<a href='https:\/\/aquileoparra.com\/pacho\/2023\/08\/06\/feria-de-la-ciencia-2023\/feria-7\/'><img loading=\"lazy\" decoding=\"async\" width=\"169\" height=\"300\" src=\"https:\/\/aquileoparra.com\/pacho\/wp-content\/uploads\/2023\/08\/FERIA-7-169x300.jpeg\" class=\"attachment-medium size-medium\" alt=\"\" srcset=\"https:\/\/aquileoparra.com\/pacho\/wp-content\/uploads\/2023\/08\/FERIA-7-169x300.jpeg 169w, https:\/\/aquileoparra.com\/pacho\/wp-content\/uploads\/2023\/08\/FERIA-7-576x1024.jpeg 576w, https:\/\/aquileoparra.com\/pacho\/wp-content\/uploads\/2023\/08\/FERIA-7-768x1365.jpeg 768w, https:\/\/aquileoparra.com\/pacho\/wp-content\/uploads\/2023\/08\/FERIA-7-864x1536.jpeg 864w, https:\/\/aquileoparra.com\/pacho\/wp-content\/uploads\/2023\/08\/FERIA-7.jpeg 900w\" sizes=\"auto, (max-width: 169px) 100vw, 169px\" \/><\/a>\n\t\t\t<\/div><\/figure><figure class='gallery-item'>\n\t\t\t<div class='gallery-icon landscape'>\n\t\t\t\t<a href='https:\/\/aquileoparra.com\/pacho\/2023\/08\/06\/feria-de-la-ciencia-2023\/feria-4\/'><img loading=\"lazy\" decoding=\"async\" width=\"300\" height=\"169\" src=\"https:\/\/aquileoparra.com\/pacho\/wp-content\/uploads\/2023\/08\/FERIA-4-300x169.jpeg\" class=\"attachment-medium size-medium\" alt=\"\" srcset=\"https:\/\/aquileoparra.com\/pacho\/wp-content\/uploads\/2023\/08\/FERIA-4-300x169.jpeg 300w, https:\/\/aquileoparra.com\/pacho\/wp-content\/uploads\/2023\/08\/FERIA-4-1024x576.jpeg 1024w, https:\/\/aquileoparra.com\/pacho\/wp-content\/uploads\/2023\/08\/FERIA-4-768x432.jpeg 768w, https:\/\/aquileoparra.com\/pacho\/wp-content\/uploads\/2023\/08\/FERIA-4-1536x864.jpeg 1536w, https:\/\/aquileoparra.com\/pacho\/wp-content\/uploads\/2023\/08\/FERIA-4-678x381.jpeg 678w, https:\/\/aquileoparra.com\/pacho\/wp-content\/uploads\/2023\/08\/FERIA-4.jpeg 1600w\" sizes=\"auto, (max-width: 300px) 100vw, 300px\" \/><\/a>\n\t\t\t<\/div><\/figure><figure class='gallery-item'>\n\t\t\t<div class='gallery-icon portrait'>\n\t\t\t\t<a href='https:\/\/aquileoparra.com\/pacho\/2023\/08\/06\/feria-de-la-ciencia-2023\/feria-11\/'><img loading=\"lazy\" decoding=\"async\" width=\"169\" height=\"300\" src=\"https:\/\/aquileoparra.com\/pacho\/wp-content\/uploads\/2023\/08\/FERIA-11-169x300.jpeg\" class=\"attachment-medium size-medium\" alt=\"\" srcset=\"https:\/\/aquileoparra.com\/pacho\/wp-content\/uploads\/2023\/08\/FERIA-11-169x300.jpeg 169w, https:\/\/aquileoparra.com\/pacho\/wp-content\/uploads\/2023\/08\/FERIA-11-576x1024.jpeg 576w, https:\/\/aquileoparra.com\/pacho\/wp-content\/uploads\/2023\/08\/FERIA-11-768x1365.jpeg 768w, https:\/\/aquileoparra.com\/pacho\/wp-content\/uploads\/2023\/08\/FERIA-11-864x1536.jpeg 864w, https:\/\/aquileoparra.com\/pacho\/wp-content\/uploads\/2023\/08\/FERIA-11.jpeg 900w\" sizes=\"auto, (max-width: 169px) 100vw, 169px\" \/><\/a>\n\t\t\t<\/div><\/figure><figure class='gallery-item'>\n\t\t\t<div class='gallery-icon portrait'>\n\t\t\t\t<a href='https:\/\/aquileoparra.com\/pacho\/2023\/08\/06\/feria-de-la-ciencia-2023\/feria-8\/'><img loading=\"lazy\" decoding=\"async\" width=\"169\" height=\"300\" src=\"https:\/\/aquileoparra.com\/pacho\/wp-content\/uploads\/2023\/08\/FERIA-8-169x300.jpeg\" class=\"attachment-medium size-medium\" alt=\"\" srcset=\"https:\/\/aquileoparra.com\/pacho\/wp-content\/uploads\/2023\/08\/FERIA-8-169x300.jpeg 169w, https:\/\/aquileoparra.com\/pacho\/wp-content\/uploads\/2023\/08\/FERIA-8-576x1024.jpeg 576w, https:\/\/aquileoparra.com\/pacho\/wp-content\/uploads\/2023\/08\/FERIA-8-768x1365.jpeg 768w, https:\/\/aquileoparra.com\/pacho\/wp-content\/uploads\/2023\/08\/FERIA-8-864x1536.jpeg 864w, https:\/\/aquileoparra.com\/pacho\/wp-content\/uploads\/2023\/08\/FERIA-8.jpeg 900w\" sizes=\"auto, (max-width: 169px) 100vw, 169px\" \/><\/a>\n\t\t\t<\/div><\/figure><figure class='gallery-item'>\n\t\t\t<div class='gallery-icon landscape'>\n\t\t\t\t<a href='https:\/\/aquileoparra.com\/pacho\/2023\/08\/06\/feria-de-la-ciencia-2023\/feria-3\/'><img loading=\"lazy\" decoding=\"async\" width=\"300\" height=\"169\" src=\"https:\/\/aquileoparra.com\/pacho\/wp-content\/uploads\/2023\/08\/FERIA-3-300x169.jpeg\" class=\"attachment-medium size-medium\" alt=\"\" srcset=\"https:\/\/aquileoparra.com\/pacho\/wp-content\/uploads\/2023\/08\/FERIA-3-300x169.jpeg 300w, https:\/\/aquileoparra.com\/pacho\/wp-content\/uploads\/2023\/08\/FERIA-3-1024x576.jpeg 1024w, https:\/\/aquileoparra.com\/pacho\/wp-content\/uploads\/2023\/08\/FERIA-3-768x432.jpeg 768w, https:\/\/aquileoparra.com\/pacho\/wp-content\/uploads\/2023\/08\/FERIA-3-1536x864.jpeg 1536w, https:\/\/aquileoparra.com\/pacho\/wp-content\/uploads\/2023\/08\/FERIA-3-678x381.jpeg 678w, https:\/\/aquileoparra.com\/pacho\/wp-content\/uploads\/2023\/08\/FERIA-3.jpeg 1600w\" sizes=\"auto, (max-width: 300px) 100vw, 300px\" \/><\/a>\n\t\t\t<\/div><\/figure>\n\t\t<\/div>\n\n<p>&nbsp;<\/p>\n","protected":false},"excerpt":{"rendered":"<div class=\"mh-excerpt\"><p>El 19 de julio del presente a\u00f1o con el liderazgo de los Docentes del \u00e1rea de ciencias naturales, el acompa\u00f1amiento de los directores de curso <a class=\"mh-excerpt-more\" href=\"https:\/\/aquileoparra.com\/pacho\/2023\/08\/06\/feria-de-la-ciencia-2023\/\" title=\"FERIA DE LA CIENCIA 2023\">[&#8230;]<\/a><\/p>\n<\/div>","protected":false},"author":1,"featured_media":3595,"comment_status":"open","ping_status":"open","sticky":false,"template":"","format":"standard","meta":{"footnotes":""},"categories":[1],"tags":[],"class_list":["post-3593","post","type-post","status-publish","format-standard","has-post-thumbnail","hentry","category-uncategorized"],"_links":{"self":[{"href":"https:\/\/aquileoparra.com\/pacho\/wp-json\/wp\/v2\/posts\/3593","targetHints":{"allow":["GET"]}}],"collection":[{"href":"https:\/\/aquileoparra.com\/pacho\/wp-json\/wp\/v2\/posts"}],"about":[{"href":"https:\/\/aquileoparra.com\/pacho\/wp-json\/wp\/v2\/types\/post"}],"author":[{"embeddable":true,"href":"https:\/\/aquileoparra.com\/pacho\/wp-json\/wp\/v2\/users\/1"}],"replies":[{"embeddable":true,"href":"https:\/\/aquileoparra.com\/pacho\/wp-json\/wp\/v2\/comments?post=3593"}],"version-history":[{"count":3,"href":"https:\/\/aquileoparra.com\/pacho\/wp-json\/wp\/v2\/posts\/3593\/revisions"}],"predecessor-version":[{"id":3607,"href":"https:\/\/aquileoparra.com\/pacho\/wp-json\/wp\/v2\/posts\/3593\/revisions\/3607"}],"wp:featuredmedia":[{"embeddable":true,"href":"https:\/\/aquileoparra.com\/pacho\/wp-json\/wp\/v2\/media\/3595"}],"wp:attachment":[{"href":"https:\/\/aquileoparra.com\/pacho\/wp-json\/wp\/v2\/media?parent=3593"}],"wp:term":[{"taxonomy":"category","embeddable":true,"href":"https:\/\/aquileoparra.com\/pacho\/wp-json\/wp\/v2\/categories?post=3593"},{"taxonomy":"post_tag","embeddable":true,"href":"https:\/\/aquileoparra.com\/pacho\/wp-json\/wp\/v2\/tags?post=3593"}],"curies":[{"name":"wp","href":"https:\/\/api.w.org\/{rel}","templated":true}]}}