{"id":3619,"date":"2023-09-15T16:12:43","date_gmt":"2023-09-15T16:12:43","guid":{"rendered":"https:\/\/aquileoparra.com\/pacho\/?p=3619"},"modified":"2023-09-15T16:20:14","modified_gmt":"2023-09-15T16:20:14","slug":"rendicion-de-cuentas-primer-semestre-de-2023","status":"publish","type":"post","link":"https:\/\/aquileoparra.com\/pacho\/2023\/09\/15\/rendicion-de-cuentas-primer-semestre-de-2023\/","title":{"rendered":"RENDICION DE CUENTAS PRIMER SEMESTRE DE 2023"},"content":{"rendered":"<p style=\"text-align: center;\"><em><strong>RENDICION DE CUENTAS PRIMER SEMESTRE DE 2023<\/strong><\/em><\/p>\n<p>\u201cUn principio b\u00e1sico de una democracia\u00a0sana es el di\u00e1logo abierto y la transparencia\u201d.<\/p>\n<p><strong>\u00a0\u00a0\u00a0\u00a0\u00a0\u00a0\u00a0\u00a0 \u00a0\u00a0\u00a0\u00a0\u00a0\u00a0\u00a0\u00a0\u00a0\u00a0\u00a0\u00a0\u00a0\u00a0\u00a0\u00a0\u00a0\u00a0\u00a0\u00a0\u00a0\u00a0\u00a0\u00a0\u00a0\u00a0\u00a0\u00a0\u00a0\u00a0\u00a0\u00a0\u00a0\u00a0\u00a0\u00a0\u00a0\u00a0\u00a0\u00a0\u00a0\u00a0\u00a0\u00a0\u00a0\u00a0\u00a0\u00a0\u00a0\u00a0\u00a0\u00a0\u00a0\u00a0\u00a0\u00a0\u00a0\u00a0\u00a0\u00a0\u00a0\u00a0\u00a0\u00a0\u00a0\u00a0\u00a0\u00a0\u00a0\u00a0\u00a0\u00a0\u00a0\u00a0\u00a0\u00a0\u00a0\u00a0\u00a0\u00a0\u00a0\u00a0\u00a0\u00a0\u00a0Peter Fenn.<\/strong><\/p>\n<p>El 30 de agosto del a\u00f1o en curso se llev\u00f3 a cabo en la sede central \u00a0el proceso de rendici\u00f3n de cuentas correspondiente al PRIMER SEMESTRE DE 2023,mecanismo de participaci\u00f3n \u00a0que tiene como objetivo \u00a0informar de manera clara y entendible a los diferentes actores(docentes, familias, estudiantes) sobre el manejo de los recursos p\u00fablicos dentro de la instituci\u00f3n. Hizo parte del evento los directivos, el se\u00f1or Daniel Mart\u00ednez Vargas, quien apoya el proceso contable, personal administrativo, padres de familia, estudiantes y docentes.\u00a0 El se\u00f1or rector LUIS ENRIQUE PACHON SANCHEZ abri\u00f3 la asamblea con un saludo de bienvenida a los presentes y dio un informe puntual sobre: matr\u00edcula de la instituci\u00f3n, fuentes de recursos, ingresos, gastos, planta docente, resultados Prueba saber y proyectos. De igual manera el Dr. Nelson Guzm\u00e1n dio a conocer su informe relacionado con la atenci\u00f3n y programas en orientaci\u00f3n a estudiantes y padres de familia en las diferentes sedes. Por \u00faltimo, el se\u00f1or Coordinador brind\u00f3 informaci\u00f3n sobre aspectos relacionados con rendimiento acad\u00e9mico y disciplinario.<\/p>\n<hr \/>\n<div id='gallery-1' class='gallery galleryid-3619 gallery-columns-3 gallery-size-large'><figure class='gallery-item'>\n\t\t\t<div class='gallery-icon portrait'>\n\t\t\t\t<a href='https:\/\/aquileoparra.com\/pacho\/2023\/09\/15\/rendicion-de-cuentas-primer-semestre-de-2023\/rendi2023-1\/'><img loading=\"lazy\" decoding=\"async\" width=\"768\" height=\"1024\" src=\"https:\/\/aquileoparra.com\/pacho\/wp-content\/uploads\/2023\/09\/rendi2023-1-768x1024.jpeg\" class=\"attachment-large size-large\" alt=\"\" srcset=\"https:\/\/aquileoparra.com\/pacho\/wp-content\/uploads\/2023\/09\/rendi2023-1-768x1024.jpeg 768w, https:\/\/aquileoparra.com\/pacho\/wp-content\/uploads\/2023\/09\/rendi2023-1-225x300.jpeg 225w, https:\/\/aquileoparra.com\/pacho\/wp-content\/uploads\/2023\/09\/rendi2023-1.jpeg 780w\" sizes=\"auto, (max-width: 768px) 100vw, 768px\" \/><\/a>\n\t\t\t<\/div><\/figure><figure class='gallery-item'>\n\t\t\t<div class='gallery-icon landscape'>\n\t\t\t\t<a href='https:\/\/aquileoparra.com\/pacho\/2023\/09\/15\/rendicion-de-cuentas-primer-semestre-de-2023\/rendi2023-2\/'><img loading=\"lazy\" decoding=\"async\" width=\"1024\" height=\"768\" src=\"https:\/\/aquileoparra.com\/pacho\/wp-content\/uploads\/2023\/09\/rendi2023-2-1024x768.jpeg\" class=\"attachment-large size-large\" alt=\"\" srcset=\"https:\/\/aquileoparra.com\/pacho\/wp-content\/uploads\/2023\/09\/rendi2023-2-1024x768.jpeg 1024w, https:\/\/aquileoparra.com\/pacho\/wp-content\/uploads\/2023\/09\/rendi2023-2-300x225.jpeg 300w, https:\/\/aquileoparra.com\/pacho\/wp-content\/uploads\/2023\/09\/rendi2023-2-768x576.jpeg 768w, https:\/\/aquileoparra.com\/pacho\/wp-content\/uploads\/2023\/09\/rendi2023-2-1536x1152.jpeg 1536w, https:\/\/aquileoparra.com\/pacho\/wp-content\/uploads\/2023\/09\/rendi2023-2-678x509.jpeg 678w, https:\/\/aquileoparra.com\/pacho\/wp-content\/uploads\/2023\/09\/rendi2023-2-326x245.jpeg 326w, https:\/\/aquileoparra.com\/pacho\/wp-content\/uploads\/2023\/09\/rendi2023-2-80x60.jpeg 80w, https:\/\/aquileoparra.com\/pacho\/wp-content\/uploads\/2023\/09\/rendi2023-2.jpeg 1600w\" sizes=\"auto, (max-width: 1024px) 100vw, 1024px\" \/><\/a>\n\t\t\t<\/div><\/figure><figure class='gallery-item'>\n\t\t\t<div class='gallery-icon landscape'>\n\t\t\t\t<a href='https:\/\/aquileoparra.com\/pacho\/2023\/09\/15\/rendicion-de-cuentas-primer-semestre-de-2023\/rendi2023-3\/'><img loading=\"lazy\" decoding=\"async\" width=\"1024\" height=\"768\" src=\"https:\/\/aquileoparra.com\/pacho\/wp-content\/uploads\/2023\/09\/rendi2023-3-1024x768.jpeg\" class=\"attachment-large size-large\" alt=\"\" srcset=\"https:\/\/aquileoparra.com\/pacho\/wp-content\/uploads\/2023\/09\/rendi2023-3-1024x768.jpeg 1024w, https:\/\/aquileoparra.com\/pacho\/wp-content\/uploads\/2023\/09\/rendi2023-3-300x225.jpeg 300w, https:\/\/aquileoparra.com\/pacho\/wp-content\/uploads\/2023\/09\/rendi2023-3-768x576.jpeg 768w, https:\/\/aquileoparra.com\/pacho\/wp-content\/uploads\/2023\/09\/rendi2023-3-1536x1152.jpeg 1536w, https:\/\/aquileoparra.com\/pacho\/wp-content\/uploads\/2023\/09\/rendi2023-3-678x509.jpeg 678w, https:\/\/aquileoparra.com\/pacho\/wp-content\/uploads\/2023\/09\/rendi2023-3-326x245.jpeg 326w, https:\/\/aquileoparra.com\/pacho\/wp-content\/uploads\/2023\/09\/rendi2023-3-80x60.jpeg 80w, https:\/\/aquileoparra.com\/pacho\/wp-content\/uploads\/2023\/09\/rendi2023-3.jpeg 1600w\" sizes=\"auto, (max-width: 1024px) 100vw, 1024px\" \/><\/a>\n\t\t\t<\/div><\/figure>\n\t\t<\/div>\n\n","protected":false},"excerpt":{"rendered":"<div class=\"mh-excerpt\"><p>RENDICION DE CUENTAS PRIMER SEMESTRE DE 2023 \u201cUn principio b\u00e1sico de una democracia\u00a0sana es el di\u00e1logo abierto y la transparencia\u201d. \u00a0\u00a0\u00a0\u00a0\u00a0\u00a0\u00a0\u00a0 \u00a0\u00a0\u00a0\u00a0\u00a0\u00a0\u00a0\u00a0\u00a0\u00a0\u00a0\u00a0\u00a0\u00a0\u00a0\u00a0\u00a0\u00a0\u00a0\u00a0\u00a0\u00a0\u00a0\u00a0\u00a0\u00a0\u00a0\u00a0\u00a0\u00a0\u00a0\u00a0\u00a0\u00a0\u00a0\u00a0\u00a0\u00a0\u00a0\u00a0\u00a0\u00a0\u00a0\u00a0\u00a0\u00a0\u00a0\u00a0\u00a0\u00a0\u00a0\u00a0\u00a0\u00a0\u00a0\u00a0\u00a0\u00a0\u00a0\u00a0\u00a0\u00a0\u00a0\u00a0\u00a0\u00a0\u00a0\u00a0\u00a0\u00a0\u00a0\u00a0\u00a0\u00a0\u00a0\u00a0\u00a0\u00a0\u00a0\u00a0\u00a0\u00a0\u00a0\u00a0\u00a0Peter Fenn. El 30 <a class=\"mh-excerpt-more\" href=\"https:\/\/aquileoparra.com\/pacho\/2023\/09\/15\/rendicion-de-cuentas-primer-semestre-de-2023\/\" title=\"RENDICION DE CUENTAS PRIMER SEMESTRE DE 2023\">[&#8230;]<\/a><\/p>\n<\/div>","protected":false},"author":1,"featured_media":3624,"comment_status":"open","ping_status":"open","sticky":false,"template":"","format":"standard","meta":{"footnotes":""},"categories":[1],"tags":[],"class_list":["post-3619","post","type-post","status-publish","format-standard","has-post-thumbnail","hentry","category-uncategorized"],"_links":{"self":[{"href":"https:\/\/aquileoparra.com\/pacho\/wp-json\/wp\/v2\/posts\/3619","targetHints":{"allow":["GET"]}}],"collection":[{"href":"https:\/\/aquileoparra.com\/pacho\/wp-json\/wp\/v2\/posts"}],"about":[{"href":"https:\/\/aquileoparra.com\/pacho\/wp-json\/wp\/v2\/types\/post"}],"author":[{"embeddable":true,"href":"https:\/\/aquileoparra.com\/pacho\/wp-json\/wp\/v2\/users\/1"}],"replies":[{"embeddable":true,"href":"https:\/\/aquileoparra.com\/pacho\/wp-json\/wp\/v2\/comments?post=3619"}],"version-history":[{"count":3,"href":"https:\/\/aquileoparra.com\/pacho\/wp-json\/wp\/v2\/posts\/3619\/revisions"}],"predecessor-version":[{"id":3625,"href":"https:\/\/aquileoparra.com\/pacho\/wp-json\/wp\/v2\/posts\/3619\/revisions\/3625"}],"wp:featuredmedia":[{"embeddable":true,"href":"https:\/\/aquileoparra.com\/pacho\/wp-json\/wp\/v2\/media\/3624"}],"wp:attachment":[{"href":"https:\/\/aquileoparra.com\/pacho\/wp-json\/wp\/v2\/media?parent=3619"}],"wp:term":[{"taxonomy":"category","embeddable":true,"href":"https:\/\/aquileoparra.com\/pacho\/wp-json\/wp\/v2\/categories?post=3619"},{"taxonomy":"post_tag","embeddable":true,"href":"https:\/\/aquileoparra.com\/pacho\/wp-json\/wp\/v2\/tags?post=3619"}],"curies":[{"name":"wp","href":"https:\/\/api.w.org\/{rel}","templated":true}]}}